{"id":62523,"date":"2025-10-20T11:34:53","date_gmt":"2025-10-20T08:34:53","guid":{"rendered":"https:\/\/www.egemtv.com\/?p=62523"},"modified":"2025-10-20T11:34:54","modified_gmt":"2025-10-20T08:34:54","slug":"ak-partili-mucahit-arinctan-chp-il-baskani-ozalpere-tebrik","status":"publish","type":"post","link":"https:\/\/www.egemtv.com\/?p=62523","title":{"rendered":"AK Parti\u2019li M\u00fccahit Ar\u0131n\u00e7\u2019tan CHP \u0130l Ba\u015fkan\u0131 \u00d6zalper\u2019e tebrik"},"content":{"rendered":"<p>AK Parti MKYK \u00dcyesi ve Manisa Milletvekili M\u00fccahit Ar\u0131n\u00e7, Cumhuriyet Halk Partisi\u2019nin 39. Ola\u011fan Manisa \u0130l Kongresi\u2019nde yeniden il ba\u015fkanl\u0131\u011f\u0131na se\u00e7ilen \u0130lksen \u00d6zalper\u2019i tebrik etti.<br \/>\n<br \/>Yapt\u0131\u011f\u0131 a\u00e7\u0131klamada, demokrasinin ve g\u00fc\u00e7l\u00fc bir muhalefetin siyasal sistemin vazge\u00e7ilmez unsurlar\u0131 oldu\u011funa dikkat \u00e7eken Ar\u0131n\u00e7, \u015fu ifadeleri kulland\u0131: &#8220;Demokrasinin sa\u011fl\u0131kl\u0131 i\u015flemesi, farkl\u0131 g\u00f6r\u00fc\u015flerin temsil edilmesi ve bu g\u00f6r\u00fc\u015flerin millet iradesi \u00e7er\u00e7evesinde rekabet edebilmesiyle m\u00fcmk\u00fcnd\u00fcr. Biz, iktidar partisi olarak g\u00fc\u00e7l\u00fc bir muhalefetin de \u00fclkemiz i\u00e7in bir zenginlik oldu\u011funa inan\u0131yoruz&#8221;<br \/>\n<br \/>CHP \u0130l Ba\u015fkan\u0131 \u0130lksen \u00d6zalper\u2019i \u00f6zelde de tebrik etti\u011fini belirten Ar\u0131n\u00e7, Manisa\u2019n\u0131n gelece\u011fi ad\u0131na ortak akl\u0131n \u00f6nemini vurgulayarak, &#8220;\u0130lksen \u00d6zalper\u2019i yeniden se\u00e7ilmesi dolay\u0131s\u0131yla tebrik ediyor, Manisa\u2019m\u0131z\u0131n geli\u015fimi, huzuru ve refah\u0131 i\u00e7in t\u00fcm siyasi partilerle her zeminde yap\u0131c\u0131 bir i\u015f birli\u011fi i\u00e7inde olmaya haz\u0131r oldu\u011fumuzu ifade ediyorum. Manisa, ortak gayretlerle daha g\u00fc\u00e7l\u00fc bir \u015fehir haline gelecektir. Farkl\u0131 siyasi g\u00f6r\u00fc\u015flerimiz olsa da hepimizin ortak paydas\u0131 Manisa\u2019d\u0131r. Bu \u015fehre hizmet etmek, vatanda\u015flar\u0131m\u0131z\u0131n ya\u015fam kalitesini art\u0131rmak ve gelece\u011fe umutla bakan bir Manisa in\u015fa etmek i\u00e7in diyalo\u011fu ve i\u015f birli\u011fini s\u00fcrd\u00fcrece\u011fiz&#8221; dedi.<br \/><\/p>\n","protected":false},"excerpt":{"rendered":"<p>AK Parti MKYK \u00dcyesi ve Manisa Milletvekili M\u00fccahit Ar\u0131n\u00e7, Cumhuriyet Halk Partisi\u2019nin 39. Ola\u011fan Manisa \u0130l Kongresi\u2019nde yeniden il ba\u015fkanl\u0131\u011f\u0131na se\u00e7ilen \u0130lksen \u00d6zalper\u2019i tebrik etti. Yapt\u0131\u011f\u0131 a\u00e7\u0131klamada, demokrasinin ve g\u00fc\u00e7l\u00fc bir muhalefetin siyasal sistemin vazge\u00e7ilmez unsurlar\u0131 oldu\u011funa dikkat \u00e7eken Ar\u0131n\u00e7, \u015fu ifadeleri kulland\u0131: &#8220;Demokrasinin sa\u011fl\u0131kl\u0131 i\u015flemesi, farkl\u0131 g\u00f6r\u00fc\u015flerin temsil edilmesi ve bu g\u00f6r\u00fc\u015flerin millet iradesi&#8230;<\/p>\n","protected":false},"author":1,"featured_media":62524,"comment_status":"open","ping_status":"open","sticky":false,"template":"","format":"standard","meta":{"_crdt_document":"","footnotes":""},"categories":[127],"tags":[],"class_list":["post-62523","post","type-post","status-publish","format-standard","has-post-thumbnail","hentry","category-siyaset"],"_links":{"self":[{"href":"https:\/\/www.egemtv.com\/index.php?rest_route=\/wp\/v2\/posts\/62523","targetHints":{"allow":["GET"]}}],"collection":[{"href":"https:\/\/www.egemtv.com\/index.php?rest_route=\/wp\/v2\/posts"}],"about":[{"href":"https:\/\/www.egemtv.com\/index.php?rest_route=\/wp\/v2\/types\/post"}],"author":[{"embeddable":true,"href":"https:\/\/www.egemtv.com\/index.php?rest_route=\/wp\/v2\/users\/1"}],"replies":[{"embeddable":true,"href":"https:\/\/www.egemtv.com\/index.php?rest_route=%2Fwp%2Fv2%2Fcomments&post=62523"}],"version-history":[{"count":1,"href":"https:\/\/www.egemtv.com\/index.php?rest_route=\/wp\/v2\/posts\/62523\/revisions"}],"predecessor-version":[{"id":62525,"href":"https:\/\/www.egemtv.com\/index.php?rest_route=\/wp\/v2\/posts\/62523\/revisions\/62525"}],"wp:featuredmedia":[{"embeddable":true,"href":"https:\/\/www.egemtv.com\/index.php?rest_route=\/wp\/v2\/media\/62524"}],"wp:attachment":[{"href":"https:\/\/www.egemtv.com\/index.php?rest_route=%2Fwp%2Fv2%2Fmedia&parent=62523"}],"wp:term":[{"taxonomy":"category","embeddable":true,"href":"https:\/\/www.egemtv.com\/index.php?rest_route=%2Fwp%2Fv2%2Fcategories&post=62523"},{"taxonomy":"post_tag","embeddable":true,"href":"https:\/\/www.egemtv.com\/index.php?rest_route=%2Fwp%2Fv2%2Ftags&post=62523"}],"curies":[{"name":"wp","href":"https:\/\/api.w.org\/{rel}","templated":true}]}}