{"id":62520,"date":"2025-10-20T11:34:52","date_gmt":"2025-10-20T08:34:52","guid":{"rendered":"https:\/\/www.egemtv.com\/?p=62520"},"modified":"2025-10-20T11:34:52","modified_gmt":"2025-10-20T08:34:52","slug":"gediz-belediyesinden-ikametgahini-gedize-tasiyan-ogrencilere-hediye-ceki","status":"publish","type":"post","link":"https:\/\/www.egemtv.com\/?p=62520","title":{"rendered":"Gediz Belediyesi\u2019nden ikametg\u00e2h\u0131n\u0131 Gediz\u2019e ta\u015f\u0131yan \u00f6\u011frencilere hediye \u00e7eki"},"content":{"rendered":"<p>K\u00fctahya\u2019n\u0131n Gediz il\u00e7esinde, Gediz Belediyesi taraf\u0131ndan \u00fcniversite \u00f6\u011frencilerine y\u00f6nelik dikkat \u00e7ekici bir kampanya ba\u015flat\u0131ld\u0131. Kampanya ile ikametg\u00e2h\u0131n\u0131 Gediz\u2019e ta\u015f\u0131yan \u00f6\u011frencilere, belediyenin sosyal tesislerinde kullan\u0131labilecek toplam 2 bin TL de\u011ferinde hediye \u00e7eki verilece\u011fi duyuruldu.<br \/>\n<br \/>F\u0131rsat, Gediz Meslek Y\u00fcksekokulu ve Gediz Sa\u011fl\u0131k Hizmetleri Meslek Y\u00fcksekokulu \u00f6\u011frencilerini kaps\u0131yor. Kampanyaya kat\u0131lan \u00f6\u011frenciler, ikametlerini Gediz\u2019e ta\u015f\u0131malar\u0131 kar\u015f\u0131l\u0131\u011f\u0131nda, her alt\u0131 ayda bir 1000 TL olmak \u00fczere toplamda 2 bin TL hediye \u00e7eki kazanacaklar. Bu \u00e7ekler, Gediz Belediyesi\u2019ne ait sosyal tesislerde kullan\u0131labilecek. \u00d6\u011frenciler, ikametg\u00e2hlar\u0131n\u0131 Gediz\u2019e ta\u015f\u0131d\u0131ktan sonra ikamet belgesi ile Gediz Belediyesi \u00c7\u00f6z\u00fcm Noktas\u0131\u2019na ba\u015fvurarak hediye \u00e7eklerini alabilecekler.<br \/>\n<br \/>Kampanyan\u0131n amac\u0131n\u0131n hem \u00f6\u011frencileri desteklemek hem de Gediz\u2019in n\u00fcfus dinamizmini art\u0131rmak oldu\u011funu belirten Gediz Belediye Ba\u015fkan\u0131 Necdet Akel, t\u00fcm \u00f6\u011frencileri Gediz\u2019e davet etti. Ba\u015fkan Akel, &#8220;\u00dcniversite \u00f6\u011frencilerimiz, \u015fehrimizin gelece\u011fi ve dinamizminin \u00f6nemli bir par\u00e7as\u0131d\u0131r. Onlar\u0131n hem bar\u0131nma hem de sosyal ya\u015fam maliyetlerine bir nebze de olsa destek olmak amac\u0131yla bu kampanyay\u0131 hayata ge\u00e7irdik. \u0130kametlerini Gediz\u2019e ta\u015f\u0131yan her \u00f6\u011frencimize, toplamda 2 bin TL de\u011ferinde hediye \u00e7eki vererek onlar\u0131 \u015fehrimizin bir par\u00e7as\u0131 yapmay\u0131 hedefliyoruz. Bu kampanyam\u0131zla, \u00f6\u011frencilerimiz sosyal tesislerimizde daha uygun \u015fartlarda vakit ge\u00e7irebileceklerdir. T\u00fcm gen\u00e7lerimizi, \u2018Hemen ba\u015fvur, hem \u015fehrimizin bir par\u00e7as\u0131 ol, hem de kazan\u00e7l\u0131 \u00e7\u0131k!\u2019 \u00e7a\u011fr\u0131s\u0131yla Gediz\u2019imize davet ediyorum.&#8221;<br \/>\n<br \/>Belediye yetkilileri, detayl\u0131 bilgi ve ba\u015fvuru i\u00e7in \u00f6\u011frencilerin Gediz Belediyesi \u00c7\u00f6z\u00fcm Noktas\u0131 ile ileti\u015fime ge\u00e7ebilece\u011fini belirtti.<br \/><\/p>\n","protected":false},"excerpt":{"rendered":"<p>K\u00fctahya\u2019n\u0131n Gediz il\u00e7esinde, Gediz Belediyesi taraf\u0131ndan \u00fcniversite \u00f6\u011frencilerine y\u00f6nelik dikkat \u00e7ekici bir kampanya ba\u015flat\u0131ld\u0131. Kampanya ile ikametg\u00e2h\u0131n\u0131 Gediz\u2019e ta\u015f\u0131yan \u00f6\u011frencilere, belediyenin sosyal tesislerinde kullan\u0131labilecek toplam 2 bin TL de\u011ferinde hediye \u00e7eki verilece\u011fi duyuruldu. F\u0131rsat, Gediz Meslek Y\u00fcksekokulu ve Gediz Sa\u011fl\u0131k Hizmetleri Meslek Y\u00fcksekokulu \u00f6\u011frencilerini kaps\u0131yor. Kampanyaya kat\u0131lan \u00f6\u011frenciler, ikametlerini Gediz\u2019e ta\u015f\u0131malar\u0131 kar\u015f\u0131l\u0131\u011f\u0131nda, her alt\u0131 ayda&#8230;<\/p>\n","protected":false},"author":1,"featured_media":62521,"comment_status":"open","ping_status":"open","sticky":false,"template":"","format":"standard","meta":{"_crdt_document":"","footnotes":""},"categories":[123],"tags":[],"class_list":["post-62520","post","type-post","status-publish","format-standard","has-post-thumbnail","hentry","category-gundem"],"_links":{"self":[{"href":"https:\/\/www.egemtv.com\/index.php?rest_route=\/wp\/v2\/posts\/62520","targetHints":{"allow":["GET"]}}],"collection":[{"href":"https:\/\/www.egemtv.com\/index.php?rest_route=\/wp\/v2\/posts"}],"about":[{"href":"https:\/\/www.egemtv.com\/index.php?rest_route=\/wp\/v2\/types\/post"}],"author":[{"embeddable":true,"href":"https:\/\/www.egemtv.com\/index.php?rest_route=\/wp\/v2\/users\/1"}],"replies":[{"embeddable":true,"href":"https:\/\/www.egemtv.com\/index.php?rest_route=%2Fwp%2Fv2%2Fcomments&post=62520"}],"version-history":[{"count":1,"href":"https:\/\/www.egemtv.com\/index.php?rest_route=\/wp\/v2\/posts\/62520\/revisions"}],"predecessor-version":[{"id":62522,"href":"https:\/\/www.egemtv.com\/index.php?rest_route=\/wp\/v2\/posts\/62520\/revisions\/62522"}],"wp:featuredmedia":[{"embeddable":true,"href":"https:\/\/www.egemtv.com\/index.php?rest_route=\/wp\/v2\/media\/62521"}],"wp:attachment":[{"href":"https:\/\/www.egemtv.com\/index.php?rest_route=%2Fwp%2Fv2%2Fmedia&parent=62520"}],"wp:term":[{"taxonomy":"category","embeddable":true,"href":"https:\/\/www.egemtv.com\/index.php?rest_route=%2Fwp%2Fv2%2Fcategories&post=62520"},{"taxonomy":"post_tag","embeddable":true,"href":"https:\/\/www.egemtv.com\/index.php?rest_route=%2Fwp%2Fv2%2Ftags&post=62520"}],"curies":[{"name":"wp","href":"https:\/\/api.w.org\/{rel}","templated":true}]}}