{"id":62517,"date":"2025-10-20T11:34:50","date_gmt":"2025-10-20T08:34:50","guid":{"rendered":"https:\/\/www.egemtv.com\/?p=62517"},"modified":"2025-10-20T11:34:51","modified_gmt":"2025-10-20T08:34:51","slug":"muglali-dunya-sampiyonu-haney-havalimaninda-ciceklerle-karsilandi","status":"publish","type":"post","link":"https:\/\/www.egemtv.com\/?p=62517","title":{"rendered":"Mu\u011flal\u0131 D\u00fcnya \u015eampiyonu Haney havaliman\u0131nda \u00e7i\u00e7eklerle kar\u015f\u0131land\u0131"},"content":{"rendered":"<p>D\u00fcnya \u015eampiyonu Emircan Haney ve Antren\u00f6r\u00fc Dr. Ejder S\u00f6zen yurda d\u00f6n\u00fc\u015f\u00fcnde Milas-Bodrum Havaliman\u0131\u2019nda b\u00fcy\u00fck bir co\u015fkuyla kar\u015f\u0131land\u0131.<\/p>\n<p>Emircan Haney, \u00c7in\u2019in Nanjing kentinde d\u00fczenlenen Makaral\u0131 Yay D\u00fcnya Kupas\u0131 Finalleri\u2019nde alt\u0131n madalyaya uzanarak T\u00fcrkiye\u2019ye ikinci kez d\u00fcnya kupas\u0131 sevinci ya\u015fatt\u0131. \u00c7in\u2019in Nanjing kentinde ger\u00e7ekle\u015fen D\u00fcnya Kupas\u0131 Finalleri, bu y\u0131l nefes kesen m\u00fccadelelere sahne oldu. T\u00fcrk ok\u00e7ulu\u011funun y\u0131ld\u0131z\u0131 Emircan Haney, zorlu hava \u015fartlar\u0131na ve d\u00fcnyan\u0131n en iyi sporcular\u0131na ra\u011fmen sergiledi\u011fi \u00fcst\u00fcn performansla tarih yazd\u0131.<\/p>\n<p>Per\u015fembe g\u00fcn\u00fc ba\u015flayan m\u00fccadelede Haney, \u00e7eyrek finalde mevcut d\u00fcnya \u015fampiyonu Nicolas Girard\u2019\u0131 147-146\u2019l\u0131k skorla ma\u011flup ederek b\u00fcy\u00fck bir \u00f6zg\u00fcven kazand\u0131. Ard\u0131ndan yar\u0131 finalde d\u00f6rt kez D\u00fcnya Kupas\u0131 \u015fampiyonu olan Hollandal\u0131 Mike &#8220;Mister Perfect&#8221; Schloesser ile kar\u015f\u0131la\u015ft\u0131. 147-147 biten m\u00fccadelede nefesleri kesen &#8220;shoot-off&#8221; sonucunda Haney bir kez daha ad\u0131n\u0131 finale yazd\u0131rd\u0131.<\/p>\n<p>Finalde kar\u015f\u0131s\u0131na bu kez yeni d\u00fcnya bir numaras\u0131 Mathias Fullerton \u00e7\u0131kt\u0131. Ancak Emircan Haney, serin ve ya\u011f\u0131\u015fl\u0131 havaya ald\u0131rmadan 149-148\u2019lik m\u00fcthi\u015f performans\u0131yla alt\u0131n madalyaya uzand\u0131. B\u00f6ylece 2015\u2019te Demir Elmaa\u011fa\u00e7l\u0131\u2019n\u0131n ard\u0131ndan T\u00fcrkiye\u2019nin ikinci makaral\u0131 yay D\u00fcnya Kupas\u0131 \u015fampiyonu unvan\u0131n\u0131 kazand\u0131. Zorlu m\u00fccadele boyunca saatte 16 kilometreye ula\u015fan r\u00fczg\u00e2r, aral\u0131ks\u0131z ya\u011fmur ve d\u00fc\u015f\u00fck s\u0131cakl\u0131k, Haney\u2019in ba\u015far\u0131s\u0131n\u0131 daha da anlaml\u0131 hale getirdi.<\/p>\n<p>Mu\u011fla Gen\u00e7lik ve Spor \u0130l M\u00fcd\u00fcrl\u00fc\u011f\u00fc yay\u0131mlad\u0131\u011f\u0131 mesajda \u015fu ifadelere yer verdi: &#8220;D\u00fcnya sahnesinde bayra\u011f\u0131m\u0131z\u0131 bir kez daha gururla dalgaland\u0131ran milli sporcumuz Emircan Haney\u2019i, antren\u00f6r\u00fc Dr. Ejder S\u00f6zen\u2019i ve eme\u011fi ge\u00e7en herkesi y\u00fcrekten kutluyoruz. Bu b\u00fcy\u00fck zafer, Mu\u011fla\u2019n\u0131n, Yata\u011fan\u2019\u0131n ve \u00fclkemizin spor alan\u0131ndaki y\u00fckselen ba\u015far\u0131s\u0131n\u0131n gurur verici bir g\u00f6stergesidir. Elde edilen bu tarihi ba\u015far\u0131, gen\u00e7 sporcular\u0131m\u0131za da ilham olacakt\u0131r&#8221;<\/p>\n<p>Milli tak\u0131m\u0131n disiplinli \u00e7al\u0131\u015fmas\u0131, g\u00fc\u00e7l\u00fc teknik ekibi ve gen\u00e7 yetenekleriyle, T\u00fcrkiye art\u0131k ok\u00e7ulukta d\u00fcnyan\u0131n en g\u00fc\u00e7l\u00fc \u00fclkeleri aras\u0131nda yer al\u0131rken kar\u015f\u0131lamaya, Mu\u011fla Gen\u00e7lik ve Spor \u0130l M\u00fcd\u00fcr\u00fc Kaz\u0131m A\u00e7\u0131kba\u015f, Milas Gen\u00e7lik ve Spor \u0130l\u00e7e M\u00fcd\u00fcr\u00fc Durmu\u015f Uslu, Yata\u011fan Gen\u00e7lik ve Spor \u0130l\u00e7e M\u00fcd\u00fcr\u00fc Kamuran Adal\u0131, Spor \u015eube M\u00fcd\u00fcr\u00fc Do\u011fukan Do\u011fan, Antren\u00f6r Dr. Ejder S\u00f6zen ve milli sporcu Hazal Burun da kat\u0131ld\u0131.<br \/><\/p>\n","protected":false},"excerpt":{"rendered":"<p>D\u00fcnya \u015eampiyonu Emircan Haney ve Antren\u00f6r\u00fc Dr. Ejder S\u00f6zen yurda d\u00f6n\u00fc\u015f\u00fcnde Milas-Bodrum Havaliman\u0131\u2019nda b\u00fcy\u00fck bir co\u015fkuyla kar\u015f\u0131land\u0131. Emircan Haney, \u00c7in\u2019in Nanjing kentinde d\u00fczenlenen Makaral\u0131 Yay D\u00fcnya Kupas\u0131 Finalleri\u2019nde alt\u0131n madalyaya uzanarak T\u00fcrkiye\u2019ye ikinci kez d\u00fcnya kupas\u0131 sevinci ya\u015fatt\u0131. \u00c7in\u2019in Nanjing kentinde ger\u00e7ekle\u015fen D\u00fcnya Kupas\u0131 Finalleri, bu y\u0131l nefes kesen m\u00fccadelelere sahne oldu. T\u00fcrk ok\u00e7ulu\u011funun y\u0131ld\u0131z\u0131&#8230;<\/p>\n","protected":false},"author":1,"featured_media":62518,"comment_status":"open","ping_status":"open","sticky":false,"template":"","format":"standard","meta":{"_crdt_document":"","footnotes":""},"categories":[4],"tags":[],"class_list":["post-62517","post","type-post","status-publish","format-standard","has-post-thumbnail","hentry","category-spor"],"_links":{"self":[{"href":"https:\/\/www.egemtv.com\/index.php?rest_route=\/wp\/v2\/posts\/62517","targetHints":{"allow":["GET"]}}],"collection":[{"href":"https:\/\/www.egemtv.com\/index.php?rest_route=\/wp\/v2\/posts"}],"about":[{"href":"https:\/\/www.egemtv.com\/index.php?rest_route=\/wp\/v2\/types\/post"}],"author":[{"embeddable":true,"href":"https:\/\/www.egemtv.com\/index.php?rest_route=\/wp\/v2\/users\/1"}],"replies":[{"embeddable":true,"href":"https:\/\/www.egemtv.com\/index.php?rest_route=%2Fwp%2Fv2%2Fcomments&post=62517"}],"version-history":[{"count":1,"href":"https:\/\/www.egemtv.com\/index.php?rest_route=\/wp\/v2\/posts\/62517\/revisions"}],"predecessor-version":[{"id":62519,"href":"https:\/\/www.egemtv.com\/index.php?rest_route=\/wp\/v2\/posts\/62517\/revisions\/62519"}],"wp:featuredmedia":[{"embeddable":true,"href":"https:\/\/www.egemtv.com\/index.php?rest_route=\/wp\/v2\/media\/62518"}],"wp:attachment":[{"href":"https:\/\/www.egemtv.com\/index.php?rest_route=%2Fwp%2Fv2%2Fmedia&parent=62517"}],"wp:term":[{"taxonomy":"category","embeddable":true,"href":"https:\/\/www.egemtv.com\/index.php?rest_route=%2Fwp%2Fv2%2Fcategories&post=62517"},{"taxonomy":"post_tag","embeddable":true,"href":"https:\/\/www.egemtv.com\/index.php?rest_route=%2Fwp%2Fv2%2Ftags&post=62517"}],"curies":[{"name":"wp","href":"https:\/\/api.w.org\/{rel}","templated":true}]}}