{"id":62514,"date":"2025-10-20T11:34:49","date_gmt":"2025-10-20T08:34:49","guid":{"rendered":"https:\/\/www.egemtv.com\/?p=62514"},"modified":"2025-10-20T11:34:50","modified_gmt":"2025-10-20T08:34:50","slug":"izmirde-zincirleme-trafik-kazasi-1-olu-3-yarali","status":"publish","type":"post","link":"https:\/\/www.egemtv.com\/?p=62514","title":{"rendered":"\u0130zmir\u2019de zincirleme trafik kazas\u0131: 1 \u00f6l\u00fc, 3 yaral\u0131"},"content":{"rendered":"<p>\u0130zmir\u2019in Buca il\u00e7esinde, lasti\u011fi patlayan bir araca ve yard\u0131m i\u00e7in gelen ba\u015fka bir araca seyir halindeki bir otomobil \u00e7arpt\u0131. Kazada 1 ki\u015fi hayat\u0131n\u0131 kaybetti, 3 ki\u015fi yaraland\u0131.<br \/>\n<br \/>Kaza, sabah saatlerinde \u0130zmir-Ayd\u0131n Otoyolu\u2019nun I\u015f\u0131kkent Gi\u015feleri mevkiinde meydana geldi. Edinilen bilgilere g\u00f6re, Mustafa Ate\u015f y\u00f6netimindeki 35 BUE 495 plakal\u0131 panelvan arac\u0131n seyir halindeyken lasti\u011fi patlad\u0131. Bunun \u00fczerine s\u00fcr\u00fcc\u00fc, arac\u0131n\u0131 emniyet \u015feridine \u00e7ekti. Bu s\u0131rada, 35 BHR 804 plakal\u0131 bir ba\u015fka panelvan\u0131n s\u00fcr\u00fcc\u00fcs\u00fc, lasti\u011fi patlayan araca yard\u0131m etmek i\u00e7in emniyet \u015feridinde durdu. Ancak Ayd\u0131n\u2019dan \u0130zmir istikametine seyir halinde olan 16 T 81209 plakal\u0131 otomobil, park halindeki panelvan ara\u00e7lara \u00e7arpt\u0131. Zincirleme kazada, Mustafa Ate\u015f ile di\u011fer ara\u00e7larda bulunan 3 ki\u015fi yaraland\u0131. \u0130hbar \u00fczerine olay yerine polis ve sa\u011fl\u0131k ekipleri sevk edildi. B\u00f6lgeye gelen sa\u011fl\u0131k ekiplerince yap\u0131lan kontrolde, Mustafa Ate\u015f\u2019in olay yerinde hayat\u0131n\u0131 kaybetti\u011fi belirlendi. Kazada yaralanan 3 ki\u015fi ise ambulanslarla \u00e7evredeki hastanelere kald\u0131r\u0131ld\u0131. Savc\u0131n\u0131n olay yerinde yapt\u0131\u011f\u0131 incelemenin ard\u0131ndan Mustafa Ate\u015f\u2019in cans\u0131z bedeni Adli T\u0131p Kurumu morguna g\u00f6t\u00fcr\u00fcld\u00fc. Kazayla ilgili soru\u015fturma ba\u015flat\u0131ld\u0131.<br \/><\/p>\n","protected":false},"excerpt":{"rendered":"<p>\u0130zmir\u2019in Buca il\u00e7esinde, lasti\u011fi patlayan bir araca ve yard\u0131m i\u00e7in gelen ba\u015fka bir araca seyir halindeki bir otomobil \u00e7arpt\u0131. Kazada 1 ki\u015fi hayat\u0131n\u0131 kaybetti, 3 ki\u015fi yaraland\u0131. Kaza, sabah saatlerinde \u0130zmir-Ayd\u0131n Otoyolu\u2019nun I\u015f\u0131kkent Gi\u015feleri mevkiinde meydana geldi. Edinilen bilgilere g\u00f6re, Mustafa Ate\u015f y\u00f6netimindeki 35 BUE 495 plakal\u0131 panelvan arac\u0131n seyir halindeyken lasti\u011fi patlad\u0131. Bunun \u00fczerine&#8230;<\/p>\n","protected":false},"author":1,"featured_media":62515,"comment_status":"open","ping_status":"open","sticky":false,"template":"","format":"standard","meta":{"_crdt_document":"","footnotes":""},"categories":[5],"tags":[],"class_list":["post-62514","post","type-post","status-publish","format-standard","has-post-thumbnail","hentry","category-asayis"],"_links":{"self":[{"href":"https:\/\/www.egemtv.com\/index.php?rest_route=\/wp\/v2\/posts\/62514","targetHints":{"allow":["GET"]}}],"collection":[{"href":"https:\/\/www.egemtv.com\/index.php?rest_route=\/wp\/v2\/posts"}],"about":[{"href":"https:\/\/www.egemtv.com\/index.php?rest_route=\/wp\/v2\/types\/post"}],"author":[{"embeddable":true,"href":"https:\/\/www.egemtv.com\/index.php?rest_route=\/wp\/v2\/users\/1"}],"replies":[{"embeddable":true,"href":"https:\/\/www.egemtv.com\/index.php?rest_route=%2Fwp%2Fv2%2Fcomments&post=62514"}],"version-history":[{"count":1,"href":"https:\/\/www.egemtv.com\/index.php?rest_route=\/wp\/v2\/posts\/62514\/revisions"}],"predecessor-version":[{"id":62516,"href":"https:\/\/www.egemtv.com\/index.php?rest_route=\/wp\/v2\/posts\/62514\/revisions\/62516"}],"wp:featuredmedia":[{"embeddable":true,"href":"https:\/\/www.egemtv.com\/index.php?rest_route=\/wp\/v2\/media\/62515"}],"wp:attachment":[{"href":"https:\/\/www.egemtv.com\/index.php?rest_route=%2Fwp%2Fv2%2Fmedia&parent=62514"}],"wp:term":[{"taxonomy":"category","embeddable":true,"href":"https:\/\/www.egemtv.com\/index.php?rest_route=%2Fwp%2Fv2%2Fcategories&post=62514"},{"taxonomy":"post_tag","embeddable":true,"href":"https:\/\/www.egemtv.com\/index.php?rest_route=%2Fwp%2Fv2%2Ftags&post=62514"}],"curies":[{"name":"wp","href":"https:\/\/api.w.org\/{rel}","templated":true}]}}