{"id":62511,"date":"2025-10-20T11:34:48","date_gmt":"2025-10-20T08:34:48","guid":{"rendered":"https:\/\/www.egemtv.com\/?p=62511"},"modified":"2025-10-20T11:34:49","modified_gmt":"2025-10-20T08:34:49","slug":"demircide-ceviz-hasadina-baslandi","status":"publish","type":"post","link":"https:\/\/www.egemtv.com\/?p=62511","title":{"rendered":"Demirci\u2019de ceviz hasad\u0131na ba\u015fland\u0131"},"content":{"rendered":"<p>Manisa\u2019n\u0131n Demirci il\u00e7esinde y\u0131lda 13 bin 400 dekar alanda yakla\u015f\u0131k 500 ton \u00fcretimi ger\u00e7ekle\u015fen cevizde hasada ba\u015fland\u0131.<br \/>\n<br \/>Demirci\u2019de Ekim ay\u0131 itibar\u0131yla ba\u015flayan ceviz hasad\u0131 i\u00e7in \u00fcreticiler sabah\u0131n erken saatlerinde tarlalar\u0131na giderek \u00e7al\u0131\u015fmalara ba\u015flad\u0131. Hasad\u0131 gelen cevizler, a\u011fa\u00e7 silkeleme makinesiyle dallardan d\u00fc\u015f\u00fcr\u00fcl\u00fcyor ve yere serilen \u00f6rt\u00fclerle toplan\u0131yor. Daha sonra \u00e7uvallara konulan cevizler, kabuklar\u0131ndan ayr\u0131ld\u0131ktan sonra kurutulmak \u00fczere g\u00fcne\u015fe seriliyor. Akdere Mahallesi\u2019nde ya\u015fayan 76 ya\u015f\u0131ndaki \u00fcretici H\u00fcseyin S\u00f6nmez, 10 d\u00f6n\u00fcml\u00fck tarlas\u0131nda yeti\u015ftirdi\u011fi cevizlerin hasad\u0131n\u0131 ailesi ve mahalle sakinleriyle birlikte imece usul\u00fcyle ger\u00e7ekle\u015ftiriyor. Evli ve 3 \u00e7ocuk babas\u0131 olan S\u00f6nmez, \u00fcretti\u011fi cevizleri ba\u015fta \u0130zmir olmak \u00fczere bir\u00e7ok ile perakende olarak g\u00f6nderiyor.<br \/>\n<br \/>Tarlas\u0131nda yakla\u015f\u0131k 175 ceviz a\u011fac\u0131 bulundu\u011funu belirten H\u00fcseyin S\u00f6nmez, &#8220;2012 y\u0131l\u0131nda 10 d\u00f6n\u00fcml\u00fck arazime ceviz diktim. \u0130lk 3-4 y\u0131l \u00fcr\u00fcn alamad\u0131k. Ancak son 3 y\u0131ld\u0131r yakla\u015f\u0131k 1,5 ton \u00fcr\u00fcn elde ediyoruz. Tamam\u0131n\u0131 her y\u0131l d\u00fczenli m\u00fc\u015fterilerimize perakende olarak sat\u0131yoruz. 76 ya\u015f\u0131nday\u0131m ama buraya gelip cevizleri g\u00f6r\u00fcnce kendimi gen\u00e7 hissediyorum. Bak\u0131m\u0131 olduk\u00e7a zahmetli. Sonbahar ve ilkbaharda topra\u011f\u0131 s\u00fcr\u00fcp k\u00f6k g\u00fcbresi at\u0131yoruz. Yapraklanma d\u00f6neminde i\u00e7 kurdu ilac\u0131 uyguluyoruz. Son olarak da \u0131s\u0131rgan otundan elde etti\u011fim do\u011fal potasyumu veriyorum. Cevizin yapra\u011f\u0131 zay\u0131flad\u0131\u011f\u0131nda i\u00e7i daha dolgun oluyor&#8221; dedi.<br \/>\n<br \/>Akdere Mahalle Muhtar\u0131 Bahad\u0131r Ko\u00e7 ise, &#8220;Mahallemizde son y\u0131llarda ceviz \u00fcretiminde \u00f6nemli art\u0131\u015f var. Badem ve kestane \u00fcretimi de yap\u0131l\u0131yor. \u00dcreticilerimiz kapama bah\u00e7e modeline ge\u00e7erek modern tar\u0131m uygulamalar\u0131n\u0131 benimsiyor. Mahallemizde y\u0131ll\u0131k ortalama 10 ton ceviz \u00fcretimi ger\u00e7ekle\u015fiyor&#8221; ifadelerini kulland\u0131.<br \/>\n<br \/>Mahallede imece usul\u00fc hasat yapan \u00fcreticiler \u00e7al\u0131\u015fma sonras\u0131 kurduklar\u0131 sofraya birlikte oturuyor.<br \/><\/p>\n","protected":false},"excerpt":{"rendered":"<p>Manisa\u2019n\u0131n Demirci il\u00e7esinde y\u0131lda 13 bin 400 dekar alanda yakla\u015f\u0131k 500 ton \u00fcretimi ger\u00e7ekle\u015fen cevizde hasada ba\u015fland\u0131. Demirci\u2019de Ekim ay\u0131 itibar\u0131yla ba\u015flayan ceviz hasad\u0131 i\u00e7in \u00fcreticiler sabah\u0131n erken saatlerinde tarlalar\u0131na giderek \u00e7al\u0131\u015fmalara ba\u015flad\u0131. Hasad\u0131 gelen cevizler, a\u011fa\u00e7 silkeleme makinesiyle dallardan d\u00fc\u015f\u00fcr\u00fcl\u00fcyor ve yere serilen \u00f6rt\u00fclerle toplan\u0131yor. Daha sonra \u00e7uvallara konulan cevizler, kabuklar\u0131ndan ayr\u0131ld\u0131ktan sonra kurutulmak&#8230;<\/p>\n","protected":false},"author":1,"featured_media":62512,"comment_status":"open","ping_status":"open","sticky":false,"template":"","format":"standard","meta":{"_crdt_document":"","footnotes":""},"categories":[125],"tags":[],"class_list":["post-62511","post","type-post","status-publish","format-standard","has-post-thumbnail","hentry","category-ekonomi"],"_links":{"self":[{"href":"https:\/\/www.egemtv.com\/index.php?rest_route=\/wp\/v2\/posts\/62511","targetHints":{"allow":["GET"]}}],"collection":[{"href":"https:\/\/www.egemtv.com\/index.php?rest_route=\/wp\/v2\/posts"}],"about":[{"href":"https:\/\/www.egemtv.com\/index.php?rest_route=\/wp\/v2\/types\/post"}],"author":[{"embeddable":true,"href":"https:\/\/www.egemtv.com\/index.php?rest_route=\/wp\/v2\/users\/1"}],"replies":[{"embeddable":true,"href":"https:\/\/www.egemtv.com\/index.php?rest_route=%2Fwp%2Fv2%2Fcomments&post=62511"}],"version-history":[{"count":1,"href":"https:\/\/www.egemtv.com\/index.php?rest_route=\/wp\/v2\/posts\/62511\/revisions"}],"predecessor-version":[{"id":62513,"href":"https:\/\/www.egemtv.com\/index.php?rest_route=\/wp\/v2\/posts\/62511\/revisions\/62513"}],"wp:featuredmedia":[{"embeddable":true,"href":"https:\/\/www.egemtv.com\/index.php?rest_route=\/wp\/v2\/media\/62512"}],"wp:attachment":[{"href":"https:\/\/www.egemtv.com\/index.php?rest_route=%2Fwp%2Fv2%2Fmedia&parent=62511"}],"wp:term":[{"taxonomy":"category","embeddable":true,"href":"https:\/\/www.egemtv.com\/index.php?rest_route=%2Fwp%2Fv2%2Fcategories&post=62511"},{"taxonomy":"post_tag","embeddable":true,"href":"https:\/\/www.egemtv.com\/index.php?rest_route=%2Fwp%2Fv2%2Ftags&post=62511"}],"curies":[{"name":"wp","href":"https:\/\/api.w.org\/{rel}","templated":true}]}}