{"id":62508,"date":"2025-10-20T11:34:47","date_gmt":"2025-10-20T08:34:47","guid":{"rendered":"https:\/\/www.egemtv.com\/?p=62508"},"modified":"2025-10-20T11:34:48","modified_gmt":"2025-10-20T08:34:48","slug":"altay-dusme-hattindan-kurtuldu","status":"publish","type":"post","link":"https:\/\/www.egemtv.com\/?p=62508","title":{"rendered":"Altay, d\u00fc\u015fme hatt\u0131ndan kurtuldu"},"content":{"rendered":"<p>TFF 3. Lig 4. Grup\u2019ta ilk 6 haftay\u0131 d\u00fc\u015fme hatt\u0131nda ge\u00e7iren Altay, 7. haftada oynad\u0131\u011f\u0131 Tire 2021 FK ma\u00e7\u0131yla birlikte ilk kez tehlikeli b\u00f6lgenin d\u0131\u015f\u0131na \u00e7\u0131kmay\u0131 ba\u015fard\u0131.<br \/>\n<br \/>\u0130zmir\u2019in k\u00f6kl\u00fc kul\u00fcplerinden Altay\u2019da, haftalar s\u00fcren sessizli\u011fin ard\u0131ndan nihayet y\u00fczler g\u00fcld\u00fc. TFF 3. Lig 4. Grup\u2019ta ilk 6 haftada alt s\u0131ralardan kurtulamayan Yusuf \u015eim\u015fek y\u00f6netimindeki siyah-beyazl\u0131lar, 7. haftada oynanan \u0130zmir derbisinde Tire FK\u2019y\u0131 deplasmanda ma\u011flup ederek sezonun ilk galibiyetine imza att\u0131. Bu \u00f6nemli galibiyetle puan\u0131n\u0131 5\u2019e \u00e7\u0131karan Altay, 11. s\u0131raya y\u00fckselerek d\u00fc\u015fme hatt\u0131ndan \u00e7\u0131kmay\u0131 ba\u015fard\u0131. Sezona k\u00f6t\u00fc bir ba\u015flang\u0131\u00e7 yapan \u0130zmir temsilcisi, hem ilk 3 puan\u0131n\u0131 alman\u0131n hem de tehlikeli b\u00f6lgeden uzakla\u015fman\u0131n mutlulu\u011funu ya\u015fad\u0131.<\/p>\n<p>Sezonun ilk galibiyeti deplasmanda geldi<br \/>\n<br \/>TFF 3. Lig 4. Grup\u2019ta sezona k\u00f6t\u00fc bir ba\u015flang\u0131\u00e7 yapan Altay, ilk 6 haftada istedi\u011fi sonu\u00e7lardan uzak kald\u0131. Bu s\u00fcre\u00e7te galibiyetle tan\u0131\u015famayan siyah-beyazl\u0131lar, 2 beraberlik ve 4 ma\u011flubiyet alarak beklentileri kar\u015f\u0131layamad\u0131. Teknik Direkt\u00f6r Yusuf \u015eim\u015fek y\u00f6netiminde toparlanma aray\u0131\u015f\u0131na giren \u0130zmir temsilcisi, ilk galibiyetini 7. haftada Tire 2021 FK deplasman\u0131nda elde etti. Bu sezon hen\u00fcz i\u00e7 sahada 3 puan sevinci ya\u015fayamayan Altay, toplad\u0131\u011f\u0131 5 puan\u0131n 4\u2019\u00fcn\u00fc deplasmanda, 1\u2019ini ise kendi sahas\u0131nda kazand\u0131.<\/p>\n<p>Hedef ilk i\u00e7 saha galibiyeti<br \/>\n<br \/>Hen\u00fcz taraftar\u0131 \u00f6n\u00fcnde galibiyet sevinci ya\u015fayamayan Altay, 8. hafta m\u00fccadelesinde i\u00e7 sahada Kar\u015f\u0131yaka ile oynayaca\u011f\u0131 \u0130zmir derbisinde bu k\u00f6t\u00fc gidi\u015fata vermek istiyor. Bu sezon evinde \u00e7\u0131kt\u0131\u011f\u0131 3 kar\u015f\u0131la\u015fmada galibiyet elde edemeyen ve sadece 1 beraberlik, 2 ma\u011flubiyet alan siyah-beyazl\u0131lar, hafta sonu oynanacak derbide hem ilk i\u00e7 saha galibiyetini almak hem de taraftar\u0131n\u0131 sevindirmek i\u00e7in sahaya \u00e7\u0131kacak.<br \/><\/p>\n","protected":false},"excerpt":{"rendered":"<p>TFF 3. Lig 4. Grup\u2019ta ilk 6 haftay\u0131 d\u00fc\u015fme hatt\u0131nda ge\u00e7iren Altay, 7. haftada oynad\u0131\u011f\u0131 Tire 2021 FK ma\u00e7\u0131yla birlikte ilk kez tehlikeli b\u00f6lgenin d\u0131\u015f\u0131na \u00e7\u0131kmay\u0131 ba\u015fard\u0131. \u0130zmir\u2019in k\u00f6kl\u00fc kul\u00fcplerinden Altay\u2019da, haftalar s\u00fcren sessizli\u011fin ard\u0131ndan nihayet y\u00fczler g\u00fcld\u00fc. TFF 3. Lig 4. Grup\u2019ta ilk 6 haftada alt s\u0131ralardan kurtulamayan Yusuf \u015eim\u015fek y\u00f6netimindeki siyah-beyazl\u0131lar, 7. haftada&#8230;<\/p>\n","protected":false},"author":1,"featured_media":62509,"comment_status":"open","ping_status":"open","sticky":false,"template":"","format":"standard","meta":{"_crdt_document":"","footnotes":""},"categories":[4],"tags":[],"class_list":["post-62508","post","type-post","status-publish","format-standard","has-post-thumbnail","hentry","category-spor"],"_links":{"self":[{"href":"https:\/\/www.egemtv.com\/index.php?rest_route=\/wp\/v2\/posts\/62508","targetHints":{"allow":["GET"]}}],"collection":[{"href":"https:\/\/www.egemtv.com\/index.php?rest_route=\/wp\/v2\/posts"}],"about":[{"href":"https:\/\/www.egemtv.com\/index.php?rest_route=\/wp\/v2\/types\/post"}],"author":[{"embeddable":true,"href":"https:\/\/www.egemtv.com\/index.php?rest_route=\/wp\/v2\/users\/1"}],"replies":[{"embeddable":true,"href":"https:\/\/www.egemtv.com\/index.php?rest_route=%2Fwp%2Fv2%2Fcomments&post=62508"}],"version-history":[{"count":1,"href":"https:\/\/www.egemtv.com\/index.php?rest_route=\/wp\/v2\/posts\/62508\/revisions"}],"predecessor-version":[{"id":62510,"href":"https:\/\/www.egemtv.com\/index.php?rest_route=\/wp\/v2\/posts\/62508\/revisions\/62510"}],"wp:featuredmedia":[{"embeddable":true,"href":"https:\/\/www.egemtv.com\/index.php?rest_route=\/wp\/v2\/media\/62509"}],"wp:attachment":[{"href":"https:\/\/www.egemtv.com\/index.php?rest_route=%2Fwp%2Fv2%2Fmedia&parent=62508"}],"wp:term":[{"taxonomy":"category","embeddable":true,"href":"https:\/\/www.egemtv.com\/index.php?rest_route=%2Fwp%2Fv2%2Fcategories&post=62508"},{"taxonomy":"post_tag","embeddable":true,"href":"https:\/\/www.egemtv.com\/index.php?rest_route=%2Fwp%2Fv2%2Ftags&post=62508"}],"curies":[{"name":"wp","href":"https:\/\/api.w.org\/{rel}","templated":true}]}}