{"id":62505,"date":"2025-10-20T11:15:18","date_gmt":"2025-10-20T08:15:18","guid":{"rendered":"https:\/\/www.egemtv.com\/?p=62505"},"modified":"2025-10-20T11:15:19","modified_gmt":"2025-10-20T08:15:19","slug":"kirkagacta-muhtarlar-gununde-anlamli-bulusma","status":"publish","type":"post","link":"https:\/\/www.egemtv.com\/?p=62505","title":{"rendered":"K\u0131rka\u011fa\u00e7\u2019ta Muhtarlar G\u00fcn\u00fc\u2019nde anlaml\u0131 bulu\u015fma"},"content":{"rendered":"<p>K\u0131rka\u011fa\u00e7 Mehmet G\u00fcnek T\u00fcrkbirli\u011fi \u0130lkokulu \u00f6\u011frencileri 19 Ekim Muhtarlar G\u00fcn\u00fc olmas\u0131 dolay\u0131s\u0131yla Kadriye Mahallesi Muhtar\u0131 Yasin Sar\u0131 ve e\u015fi Ay\u015fen Sar\u0131\u2019y\u0131 a\u011f\u0131rlad\u0131lar.<br \/>\n<br \/>Kadriye Mahallesi s\u0131n\u0131rlar\u0131nda yer alan Mehmet G\u00fcnek T\u00fcrkbirli\u011fi \u0130lkokulu taraf\u0131ndan organize edilen programa \u00f6\u011frenciler b\u00fcy\u00fck ilgi g\u00f6sterdiler. Kadriye Mahallesi Muhtar\u0131 Yasin Sar\u0131 ve e\u015fi Ay\u015fen Sar\u0131\u2019y\u0131 soru ya\u011fmuruna tutan \u00f6\u011frenciler merak ettikleri t\u00fcm sorular\u0131 i\u00e7tenlikle sordular. Okul M\u00fcd\u00fcr\u00fc Esra Y\u0131ld\u0131r\u0131m, \u00f6\u011fretmenler Fevzi \u00d6z\u00e7etin, Bayram \u00c7ubuk\u00e7u ve \u0130smail Atabay\u2019\u0131n i\u015f birli\u011fiyle haz\u0131rlanan Muhtarlar G\u00fcn\u00fc Etkinli\u011finde bir konu\u015fma yapan Kadriye Mahallesi Muhtar\u0131 Yasin Sar\u0131, &#8220;B\u00f6ylesine anlaml\u0131 bir g\u00fcnde birbirinden g\u00fczel evlatlar\u0131m\u0131z\u0131n misafir olmak beni \u00e7ok mutlu etti. Beni bu anlaml\u0131 bulu\u015fmaya davet eden Okul M\u00fcd\u00fcr\u00fcm\u00fcz Esra Y\u0131ld\u0131r\u0131m\u2019a, k\u0131ymetli \u00f6\u011fretmenlerimize ve \u00f6\u011frenci karde\u015flerime \u00e7ok te\u015fekk\u00fcr ediyorum&#8221; dedi.<br \/>\n<br \/>Etkinli\u011fin sonunda Okul M\u00fcd\u00fcr\u00fc Esra Y\u0131ld\u0131r\u0131m ve \u00f6\u011frenciler Kadriye Mahallesi Muhtar\u0131 Yasin Sar\u0131 ve e\u015fi Ay\u015fen Sar\u0131\u2019ya \u00e7i\u00e7ek takdim ettiler.<br \/><\/p>\n","protected":false},"excerpt":{"rendered":"<p>K\u0131rka\u011fa\u00e7 Mehmet G\u00fcnek T\u00fcrkbirli\u011fi \u0130lkokulu \u00f6\u011frencileri 19 Ekim Muhtarlar G\u00fcn\u00fc olmas\u0131 dolay\u0131s\u0131yla Kadriye Mahallesi Muhtar\u0131 Yasin Sar\u0131 ve e\u015fi Ay\u015fen Sar\u0131\u2019y\u0131 a\u011f\u0131rlad\u0131lar. Kadriye Mahallesi s\u0131n\u0131rlar\u0131nda yer alan Mehmet G\u00fcnek T\u00fcrkbirli\u011fi \u0130lkokulu taraf\u0131ndan organize edilen programa \u00f6\u011frenciler b\u00fcy\u00fck ilgi g\u00f6sterdiler. Kadriye Mahallesi Muhtar\u0131 Yasin Sar\u0131 ve e\u015fi Ay\u015fen Sar\u0131\u2019y\u0131 soru ya\u011fmuruna tutan \u00f6\u011frenciler merak ettikleri t\u00fcm&#8230;<\/p>\n","protected":false},"author":1,"featured_media":62506,"comment_status":"open","ping_status":"open","sticky":false,"template":"","format":"standard","meta":{"_crdt_document":"","footnotes":""},"categories":[1],"tags":[],"class_list":["post-62505","post","type-post","status-publish","format-standard","has-post-thumbnail","hentry","category-guncel"],"_links":{"self":[{"href":"https:\/\/www.egemtv.com\/index.php?rest_route=\/wp\/v2\/posts\/62505","targetHints":{"allow":["GET"]}}],"collection":[{"href":"https:\/\/www.egemtv.com\/index.php?rest_route=\/wp\/v2\/posts"}],"about":[{"href":"https:\/\/www.egemtv.com\/index.php?rest_route=\/wp\/v2\/types\/post"}],"author":[{"embeddable":true,"href":"https:\/\/www.egemtv.com\/index.php?rest_route=\/wp\/v2\/users\/1"}],"replies":[{"embeddable":true,"href":"https:\/\/www.egemtv.com\/index.php?rest_route=%2Fwp%2Fv2%2Fcomments&post=62505"}],"version-history":[{"count":1,"href":"https:\/\/www.egemtv.com\/index.php?rest_route=\/wp\/v2\/posts\/62505\/revisions"}],"predecessor-version":[{"id":62507,"href":"https:\/\/www.egemtv.com\/index.php?rest_route=\/wp\/v2\/posts\/62505\/revisions\/62507"}],"wp:featuredmedia":[{"embeddable":true,"href":"https:\/\/www.egemtv.com\/index.php?rest_route=\/wp\/v2\/media\/62506"}],"wp:attachment":[{"href":"https:\/\/www.egemtv.com\/index.php?rest_route=%2Fwp%2Fv2%2Fmedia&parent=62505"}],"wp:term":[{"taxonomy":"category","embeddable":true,"href":"https:\/\/www.egemtv.com\/index.php?rest_route=%2Fwp%2Fv2%2Fcategories&post=62505"},{"taxonomy":"post_tag","embeddable":true,"href":"https:\/\/www.egemtv.com\/index.php?rest_route=%2Fwp%2Fv2%2Ftags&post=62505"}],"curies":[{"name":"wp","href":"https:\/\/api.w.org\/{rel}","templated":true}]}}