{"id":62282,"date":"2025-10-18T18:14:43","date_gmt":"2025-10-18T15:14:43","guid":{"rendered":"https:\/\/www.egemtv.com\/?p=62282"},"modified":"2025-10-18T18:14:44","modified_gmt":"2025-10-18T15:14:44","slug":"marmaris-aciklarindaki-feto-operasyonunda-11-kisi-tutuklandi","status":"publish","type":"post","link":"https:\/\/www.egemtv.com\/?p=62282","title":{"rendered":"Marmaris a\u00e7\u0131klar\u0131ndaki FET\u00d6 operasyonunda 11 ki\u015fi tutukland\u0131"},"content":{"rendered":"<p>Mu\u011fla\u2019n\u0131n Marmaris il\u00e7esinde d\u00fczensiz g\u00f6\u00e7 ile m\u00fccadele faaliyetleri devam ederken tekne ile ka\u00e7maya \u00e7al\u0131\u015fan \u015f\u00fcpheliler sahil g\u00fcvenlik ekiplerince yakaland\u0131. FET\u00d6 mensuplar\u0131n\u0131n yasa d\u0131\u015f\u0131 yollarla yurt d\u0131\u015f\u0131na ka\u00e7maya \u00e7al\u0131\u015ft\u0131klar\u0131 tekne, sahil g\u00fcvenlik ekiplerince durduruldu. Operasyonda 8 FET\u00d6 mensubu ile organizat\u00f6r olduklar\u0131 belirlenen 3 ki\u015fi tutuklu yarg\u0131lanmak \u00fczere cezaevine g\u00f6nderildi.<\/p>\n<p>Mu\u011fla \u0130l Emniyet M\u00fcd\u00fcrl\u00fc\u011f\u00fc \u0130stihbarat \u015eube M\u00fcd\u00fcrl\u00fc\u011f\u00fc ile Ka\u00e7ak\u00e7\u0131l\u0131k ve Organize Su\u00e7larla M\u00fccadele \u015eube M\u00fcd\u00fcrl\u00fc\u011f\u00fc ekiplerince, FET\u00d6 silahl\u0131 ter\u00f6r \u00f6rg\u00fct\u00fc mensuplar\u0131n\u0131n faaliyetlerinin de\u015fifre edilmesine ve firari \u015fah\u0131slar\u0131n yakalanmas\u0131na y\u00f6nelik y\u00fcr\u00fct\u00fclen \u00e7al\u0131\u015fmalar kapsam\u0131nda Marmaris\u2019te ortak bir operasyon d\u00fczenlendi. Ekipler, FET\u00d6 \u00fcyeli\u011finden i\u015flem yap\u0131lan, yurt d\u0131\u015f\u0131 \u00e7\u0131k\u0131\u015f yasa\u011f\u0131 bulunan ve yarg\u0131lamas\u0131 istinaf a\u015famas\u0131nda devam eden baz\u0131 ki\u015filerin tekneyle yasa d\u0131\u015f\u0131 yollarla yurt d\u0131\u015f\u0131na ka\u00e7maya haz\u0131rland\u0131klar\u0131 bilgisini ald\u0131. Bu bilgi \u00fczerine harekete ge\u00e7en ekipler, Sahil G\u00fcvenlik G\u00fcney Ege Grup Komutanl\u0131\u011f\u0131 ile koordineli \u015fekilde Marmaris Kad\u0131rga koyu a\u00e7\u0131klar\u0131nda tespit edilen tekneyi durdurdu.<\/p>\n<p>8 FET\u00d6 mensubu ve kaptan yakaland\u0131<br \/>\n<br \/>Yap\u0131lan operasyonda teknede bulunan 1 kaptan ile 8 FET\u00d6 mensubu yakaland\u0131. Devam eden \u00e7al\u0131\u015fmalarda, g\u00f6\u00e7men ka\u00e7ak\u00e7\u0131l\u0131\u011f\u0131 su\u00e7undan tekne kaptan\u0131yla birlikte hareket ettikleri belirlenen 4 ki\u015fi daha g\u00f6zalt\u0131na al\u0131nd\u0131. Yasa d\u0131\u015f\u0131 yollarla \u00fclkeyi terk etmeye \u00e7al\u0131\u015fan 8 FET\u00d6 mensubu, sevk edildikleri adli mercilerce tutuklanarak cezaevine g\u00f6nderildi. FET\u00d6 \u00fcyelerinin yurt d\u0131\u015f\u0131na \u00e7\u0131k\u0131\u015f\u0131n\u0131 organize ettikleri tespit edilen 5 \u015f\u00fcpheliden 2\u2019si adli kontrol \u015fart\u0131yla serbest b\u0131rak\u0131l\u0131rken, 3\u2019\u00fc tutukland\u0131. B\u00f6ylece operasyon kapsam\u0131nda toplam 11 ki\u015fi tutuklu yarg\u0131lanmak \u00fczere cezaevine g\u00f6nderildi.<br \/><\/p>\n","protected":false},"excerpt":{"rendered":"<p>Mu\u011fla\u2019n\u0131n Marmaris il\u00e7esinde d\u00fczensiz g\u00f6\u00e7 ile m\u00fccadele faaliyetleri devam ederken tekne ile ka\u00e7maya \u00e7al\u0131\u015fan \u015f\u00fcpheliler sahil g\u00fcvenlik ekiplerince yakaland\u0131. FET\u00d6 mensuplar\u0131n\u0131n yasa d\u0131\u015f\u0131 yollarla yurt d\u0131\u015f\u0131na ka\u00e7maya \u00e7al\u0131\u015ft\u0131klar\u0131 tekne, sahil g\u00fcvenlik ekiplerince durduruldu. Operasyonda 8 FET\u00d6 mensubu ile organizat\u00f6r olduklar\u0131 belirlenen 3 ki\u015fi tutuklu yarg\u0131lanmak \u00fczere cezaevine g\u00f6nderildi. Mu\u011fla \u0130l Emniyet M\u00fcd\u00fcrl\u00fc\u011f\u00fc \u0130stihbarat \u015eube M\u00fcd\u00fcrl\u00fc\u011f\u00fc&#8230;<\/p>\n","protected":false},"author":1,"featured_media":62283,"comment_status":"open","ping_status":"open","sticky":false,"template":"","format":"standard","meta":{"_crdt_document":"","footnotes":""},"categories":[5],"tags":[],"class_list":["post-62282","post","type-post","status-publish","format-standard","has-post-thumbnail","hentry","category-asayis"],"_links":{"self":[{"href":"https:\/\/www.egemtv.com\/index.php?rest_route=\/wp\/v2\/posts\/62282","targetHints":{"allow":["GET"]}}],"collection":[{"href":"https:\/\/www.egemtv.com\/index.php?rest_route=\/wp\/v2\/posts"}],"about":[{"href":"https:\/\/www.egemtv.com\/index.php?rest_route=\/wp\/v2\/types\/post"}],"author":[{"embeddable":true,"href":"https:\/\/www.egemtv.com\/index.php?rest_route=\/wp\/v2\/users\/1"}],"replies":[{"embeddable":true,"href":"https:\/\/www.egemtv.com\/index.php?rest_route=%2Fwp%2Fv2%2Fcomments&post=62282"}],"version-history":[{"count":1,"href":"https:\/\/www.egemtv.com\/index.php?rest_route=\/wp\/v2\/posts\/62282\/revisions"}],"predecessor-version":[{"id":62284,"href":"https:\/\/www.egemtv.com\/index.php?rest_route=\/wp\/v2\/posts\/62282\/revisions\/62284"}],"wp:featuredmedia":[{"embeddable":true,"href":"https:\/\/www.egemtv.com\/index.php?rest_route=\/wp\/v2\/media\/62283"}],"wp:attachment":[{"href":"https:\/\/www.egemtv.com\/index.php?rest_route=%2Fwp%2Fv2%2Fmedia&parent=62282"}],"wp:term":[{"taxonomy":"category","embeddable":true,"href":"https:\/\/www.egemtv.com\/index.php?rest_route=%2Fwp%2Fv2%2Fcategories&post=62282"},{"taxonomy":"post_tag","embeddable":true,"href":"https:\/\/www.egemtv.com\/index.php?rest_route=%2Fwp%2Fv2%2Ftags&post=62282"}],"curies":[{"name":"wp","href":"https:\/\/api.w.org\/{rel}","templated":true}]}}