{"id":62279,"date":"2025-10-18T18:14:41","date_gmt":"2025-10-18T15:14:41","guid":{"rendered":"https:\/\/www.egemtv.com\/?p=62279"},"modified":"2025-10-18T18:14:43","modified_gmt":"2025-10-18T15:14:43","slug":"bodrumun-susuzluk-alarmi-cumhurbaskaninin-gundeminde","status":"publish","type":"post","link":"https:\/\/www.egemtv.com\/?p=62279","title":{"rendered":"Bodrum\u2019un susuzluk alarm\u0131 Cumhurba\u015fkan\u0131n\u0131n g\u00fcndeminde"},"content":{"rendered":"<p>Cumhurba\u015fkan\u0131 Recep Tayyip Erdo\u011fan ile Prof. Dr. Ayd\u0131n Ayayd\u0131n, \u0130stanbul Dolmabah\u00e7e \u00c7al\u0131\u015fma Ofisi\u2019nde bir araya geldi. G\u00f6r\u00fc\u015fmede Mu\u011fla\u2019n\u0131n en kritik sorunlar\u0131 aras\u0131nda yer alan Bodrum\u2019un ve Mente\u015fenin kronikle\u015fen su problemi masaya yat\u0131r\u0131ld\u0131.<\/p>\n<p>Prof. Dr. Ayd\u0131n Ayayd\u0131n, g\u00f6r\u00fc\u015fme sonras\u0131 yapt\u0131\u011f\u0131 a\u00e7\u0131klamada, hem sa\u011fl\u0131k s\u00fcrecinde kendisine g\u00f6sterilen ilgiden dolay\u0131 Cumhurba\u015fkan\u0131 Erdo\u011fan\u2019a te\u015fekk\u00fcr etti\u011fini hem de Bodrum ve Mente\u015fe\u2019nin uzun vadeli su ihtiyac\u0131na dair kapsaml\u0131 bir de\u011ferlendirme yapt\u0131klar\u0131n\u0131 ifade etti. Ayayd\u0131n, Mu\u011fla\u2019n\u0131n en acil g\u00fcndemlerinden birinin su oldu\u011funu vurgulayarak, &#8220;Bodrum ve Mente\u015fe y\u0131llard\u0131r ciddi bir su s\u0131k\u0131nt\u0131s\u0131 ya\u015f\u0131yor. Ne yaz\u0131k ki Mu\u011fla B\u00fcy\u00fck\u015fehir Belediyesi ve MUSK\u0130 bu konuda hi\u00e7bir somut ad\u0131m atmad\u0131, \u00e7\u00f6z\u00fcm \u00fcretilmedi, Mu\u011flal\u0131lar susuz&#8221; dedi.<\/p>\n<p>Devlet Su \u0130\u015fleri taraf\u0131ndan y\u00fcr\u00fct\u00fclen Sandras Baraj\u0131 ve Bodrum Baraj\u0131 projelerinin b\u00f6lge i\u00e7in hayati \u00f6neme sahip oldu\u011funu dile getiren Ayayd\u0131n, bu projelerin h\u0131zland\u0131r\u0131lmas\u0131 gerekti\u011fini belirtti.<\/p>\n<p>&#8220;Erdo\u011fan yak\u0131ndan ilgilendi&#8221;<br \/>\n<br \/>Ayayd\u0131n, g\u00f6r\u00fc\u015fme ile ilgili yapt\u0131\u011f\u0131 a\u00e7\u0131klamada &#8220;Cumhurba\u015fkan\u0131m\u0131za hem Bodrum\u2019un su sorununu hem de Fethiye K\u00f6rfezi\u2019ndeki \u00e7ekek yeri projesinde ya\u015fanan idari sorunlar\u0131 arz ettim. Kendileri, Mu\u011fla\u2019n\u0131n t\u00fcm meselelerine yak\u0131n ilgi g\u00f6sterdi. Cumhurba\u015fkan\u0131m\u0131za \u015f\u00fckranlar\u0131m\u0131 sunuyorum&#8221; ifadelerine yer verdi.<br \/><\/p>\n","protected":false},"excerpt":{"rendered":"<p>Cumhurba\u015fkan\u0131 Recep Tayyip Erdo\u011fan ile Prof. Dr. Ayd\u0131n Ayayd\u0131n, \u0130stanbul Dolmabah\u00e7e \u00c7al\u0131\u015fma Ofisi\u2019nde bir araya geldi. G\u00f6r\u00fc\u015fmede Mu\u011fla\u2019n\u0131n en kritik sorunlar\u0131 aras\u0131nda yer alan Bodrum\u2019un ve Mente\u015fenin kronikle\u015fen su problemi masaya yat\u0131r\u0131ld\u0131. Prof. Dr. Ayd\u0131n Ayayd\u0131n, g\u00f6r\u00fc\u015fme sonras\u0131 yapt\u0131\u011f\u0131 a\u00e7\u0131klamada, hem sa\u011fl\u0131k s\u00fcrecinde kendisine g\u00f6sterilen ilgiden dolay\u0131 Cumhurba\u015fkan\u0131 Erdo\u011fan\u2019a te\u015fekk\u00fcr etti\u011fini hem de Bodrum ve&#8230;<\/p>\n","protected":false},"author":1,"featured_media":62280,"comment_status":"open","ping_status":"open","sticky":false,"template":"","format":"standard","meta":{"_crdt_document":"","footnotes":""},"categories":[127],"tags":[],"class_list":["post-62279","post","type-post","status-publish","format-standard","has-post-thumbnail","hentry","category-siyaset"],"_links":{"self":[{"href":"https:\/\/www.egemtv.com\/index.php?rest_route=\/wp\/v2\/posts\/62279","targetHints":{"allow":["GET"]}}],"collection":[{"href":"https:\/\/www.egemtv.com\/index.php?rest_route=\/wp\/v2\/posts"}],"about":[{"href":"https:\/\/www.egemtv.com\/index.php?rest_route=\/wp\/v2\/types\/post"}],"author":[{"embeddable":true,"href":"https:\/\/www.egemtv.com\/index.php?rest_route=\/wp\/v2\/users\/1"}],"replies":[{"embeddable":true,"href":"https:\/\/www.egemtv.com\/index.php?rest_route=%2Fwp%2Fv2%2Fcomments&post=62279"}],"version-history":[{"count":1,"href":"https:\/\/www.egemtv.com\/index.php?rest_route=\/wp\/v2\/posts\/62279\/revisions"}],"predecessor-version":[{"id":62281,"href":"https:\/\/www.egemtv.com\/index.php?rest_route=\/wp\/v2\/posts\/62279\/revisions\/62281"}],"wp:featuredmedia":[{"embeddable":true,"href":"https:\/\/www.egemtv.com\/index.php?rest_route=\/wp\/v2\/media\/62280"}],"wp:attachment":[{"href":"https:\/\/www.egemtv.com\/index.php?rest_route=%2Fwp%2Fv2%2Fmedia&parent=62279"}],"wp:term":[{"taxonomy":"category","embeddable":true,"href":"https:\/\/www.egemtv.com\/index.php?rest_route=%2Fwp%2Fv2%2Fcategories&post=62279"},{"taxonomy":"post_tag","embeddable":true,"href":"https:\/\/www.egemtv.com\/index.php?rest_route=%2Fwp%2Fv2%2Ftags&post=62279"}],"curies":[{"name":"wp","href":"https:\/\/api.w.org\/{rel}","templated":true}]}}