{"id":62276,"date":"2025-10-18T17:34:56","date_gmt":"2025-10-18T14:34:56","guid":{"rendered":"https:\/\/www.egemtv.com\/?p=62276"},"modified":"2025-10-18T17:34:57","modified_gmt":"2025-10-18T14:34:57","slug":"salihlide-sahte-icki-operasyonu","status":"publish","type":"post","link":"https:\/\/www.egemtv.com\/?p=62276","title":{"rendered":"Salihli\u2019de sahte i\u00e7ki operasyonu"},"content":{"rendered":"<p>Manisa\u2019n\u0131n Salihli il\u00e7esinde jandarma ekiplerinin bir eve d\u00fczenledi\u011fi operasyonda, y\u00fczlerce \u015fi\u015fe sahte i\u00e7ki, \u00e7ok say\u0131da sahte bandrol ve ruhsats\u0131z silah ele ge\u00e7irildi.<br \/>\n<br \/>Manisa \u0130l Jandarma Komutanl\u0131\u011f\u0131 \u0130stihbarat \u015eube M\u00fcd\u00fcrl\u00fc\u011f\u00fc ile Salihli \u0130l\u00e7e Jandarma Komutanl\u0131\u011f\u0131 ekipleri, y\u00fcr\u00fctt\u00fckleri istihbari \u00e7al\u0131\u015fmalar sonucunda Dedeta\u015f\u0131 Mahallesi\u2019nde ya\u015fayan E.Y. (37) isimli ki\u015finin evinde sahte i\u00e7ki bulundurdu\u011funu tespit etti. Elde edilen bilginin ard\u0131ndan harekete ge\u00e7en ekipler, belirlenen adrese operasyon d\u00fczenledi. Yap\u0131lan aramalarda 110 \u015fi\u015fe sahte viski, 28 \u015fi\u015fe sahte rak\u0131, 7 bo\u015f alkol \u015fi\u015fesi, 109 sahte bandrol ve 21 bo\u015f viski etiketi ele ge\u00e7irildi. Bunun yan\u0131 s\u0131ra evde 1 ruhsats\u0131z tabanca, 3 ruhsats\u0131z av t\u00fcfe\u011fi, 9 tabanca fi\u015fe\u011fi ve 128 av t\u00fcfe\u011fi fi\u015fe\u011fi bulundu.<br \/>\n<br \/>Operasyonda ele ge\u00e7irilen sahte i\u00e7kiler ile silah ve m\u00fchimmatlara jandarma taraf\u0131ndan el konuldu. \u015e\u00fcpheli E.Y. g\u00f6zalt\u0131na al\u0131n\u0131rken, jandarmadaki i\u015flemlerinin ard\u0131ndan adliyeye sevk edilece\u011fi \u00f6\u011frenildi.<br \/><\/p>\n","protected":false},"excerpt":{"rendered":"<p>Manisa\u2019n\u0131n Salihli il\u00e7esinde jandarma ekiplerinin bir eve d\u00fczenledi\u011fi operasyonda, y\u00fczlerce \u015fi\u015fe sahte i\u00e7ki, \u00e7ok say\u0131da sahte bandrol ve ruhsats\u0131z silah ele ge\u00e7irildi. Manisa \u0130l Jandarma Komutanl\u0131\u011f\u0131 \u0130stihbarat \u015eube M\u00fcd\u00fcrl\u00fc\u011f\u00fc ile Salihli \u0130l\u00e7e Jandarma Komutanl\u0131\u011f\u0131 ekipleri, y\u00fcr\u00fctt\u00fckleri istihbari \u00e7al\u0131\u015fmalar sonucunda Dedeta\u015f\u0131 Mahallesi\u2019nde ya\u015fayan E.Y. (37) isimli ki\u015finin evinde sahte i\u00e7ki bulundurdu\u011funu tespit etti. Elde edilen bilginin&#8230;<\/p>\n","protected":false},"author":1,"featured_media":62277,"comment_status":"open","ping_status":"open","sticky":false,"template":"","format":"standard","meta":{"_crdt_document":"","footnotes":""},"categories":[5],"tags":[],"class_list":["post-62276","post","type-post","status-publish","format-standard","has-post-thumbnail","hentry","category-asayis"],"_links":{"self":[{"href":"https:\/\/www.egemtv.com\/index.php?rest_route=\/wp\/v2\/posts\/62276","targetHints":{"allow":["GET"]}}],"collection":[{"href":"https:\/\/www.egemtv.com\/index.php?rest_route=\/wp\/v2\/posts"}],"about":[{"href":"https:\/\/www.egemtv.com\/index.php?rest_route=\/wp\/v2\/types\/post"}],"author":[{"embeddable":true,"href":"https:\/\/www.egemtv.com\/index.php?rest_route=\/wp\/v2\/users\/1"}],"replies":[{"embeddable":true,"href":"https:\/\/www.egemtv.com\/index.php?rest_route=%2Fwp%2Fv2%2Fcomments&post=62276"}],"version-history":[{"count":1,"href":"https:\/\/www.egemtv.com\/index.php?rest_route=\/wp\/v2\/posts\/62276\/revisions"}],"predecessor-version":[{"id":62278,"href":"https:\/\/www.egemtv.com\/index.php?rest_route=\/wp\/v2\/posts\/62276\/revisions\/62278"}],"wp:featuredmedia":[{"embeddable":true,"href":"https:\/\/www.egemtv.com\/index.php?rest_route=\/wp\/v2\/media\/62277"}],"wp:attachment":[{"href":"https:\/\/www.egemtv.com\/index.php?rest_route=%2Fwp%2Fv2%2Fmedia&parent=62276"}],"wp:term":[{"taxonomy":"category","embeddable":true,"href":"https:\/\/www.egemtv.com\/index.php?rest_route=%2Fwp%2Fv2%2Fcategories&post=62276"},{"taxonomy":"post_tag","embeddable":true,"href":"https:\/\/www.egemtv.com\/index.php?rest_route=%2Fwp%2Fv2%2Ftags&post=62276"}],"curies":[{"name":"wp","href":"https:\/\/api.w.org\/{rel}","templated":true}]}}