{"id":62273,"date":"2025-10-18T17:14:56","date_gmt":"2025-10-18T14:14:56","guid":{"rendered":"https:\/\/www.egemtv.com\/?p=62273"},"modified":"2025-10-18T17:14:57","modified_gmt":"2025-10-18T14:14:57","slug":"genc-sporcular-hunerlerini-sergiledi","status":"publish","type":"post","link":"https:\/\/www.egemtv.com\/?p=62273","title":{"rendered":"Gen\u00e7 sporcular h\u00fcnerlerini sergiledi"},"content":{"rendered":"<p>Cumhuriyet Bayram\u0131 etkinlikleri kapsam\u0131nda tatamiye \u00e7\u0131kan 250 sporcu, h\u00fcnerlerini sergiledi.<br \/>\n<br \/>Cumhuriyet Bayram\u0131 etkinlikleri kapsam\u0131nda Ayd\u0131n Gen\u00e7lik ve Spor \u0130l M\u00fcd\u00fcrl\u00fc\u011f\u00fc koordinesinde Karate \u0130l \u015eampiyonas\u0131 ger\u00e7ekle\u015ftirildi. Germencik il\u00e7esinde d\u00fczenlenen \u015fampiyonada minik, y\u0131ld\u0131z ve gen\u00e7 sporcular tatamide h\u00fcnerlerini sergiledi. Trib\u00fcnlerde ailelerin ve sporseverlerin b\u00fcy\u00fck ilgi g\u00f6sterdi\u011fi turnuvada centilmenlik ve m\u00fccadele ruhu \u00f6n plana \u00e7\u0131karken, Germencik Spor Salonu\u2019nda yap\u0131lan kar\u015f\u0131la\u015fmalarda sporcular, Cumhuriyet co\u015fkusunu tatamiye ta\u015f\u0131d\u0131. M\u00fcsabakalar\u0131n en heyecanl\u0131 anlar\u0131ndan biri ise gen\u00e7 sporculardan birinin rakibine att\u0131\u011f\u0131 etkileyici y\u00fcksek tekme oldu.<br \/>\n<br \/>Ayd\u0131n Gen\u00e7lik ve Spor \u0130l M\u00fcd\u00fcrl\u00fc\u011f\u00fc\u2019nden yap\u0131lan a\u00e7\u0131klamada &#8220;Cumhuriyet Bayram\u0131 etkinlikleri kapsam\u0131nda Karate \u0130l \u015eampiyonas\u0131 Germencik Spor Salonunda devam ediyor. 250 sporcunun kat\u0131l\u0131m\u0131yla heyecan dolu m\u00fcsabakalar ya\u015fan\u0131yor&#8221; ifadeleri yer ald\u0131.<br \/><\/p>\n","protected":false},"excerpt":{"rendered":"<p>Cumhuriyet Bayram\u0131 etkinlikleri kapsam\u0131nda tatamiye \u00e7\u0131kan 250 sporcu, h\u00fcnerlerini sergiledi. Cumhuriyet Bayram\u0131 etkinlikleri kapsam\u0131nda Ayd\u0131n Gen\u00e7lik ve Spor \u0130l M\u00fcd\u00fcrl\u00fc\u011f\u00fc koordinesinde Karate \u0130l \u015eampiyonas\u0131 ger\u00e7ekle\u015ftirildi. Germencik il\u00e7esinde d\u00fczenlenen \u015fampiyonada minik, y\u0131ld\u0131z ve gen\u00e7 sporcular tatamide h\u00fcnerlerini sergiledi. Trib\u00fcnlerde ailelerin ve sporseverlerin b\u00fcy\u00fck ilgi g\u00f6sterdi\u011fi turnuvada centilmenlik ve m\u00fccadele ruhu \u00f6n plana \u00e7\u0131karken, Germencik Spor Salonu\u2019nda&#8230;<\/p>\n","protected":false},"author":1,"featured_media":62274,"comment_status":"open","ping_status":"open","sticky":false,"template":"","format":"standard","meta":{"_crdt_document":"","footnotes":""},"categories":[4],"tags":[],"class_list":["post-62273","post","type-post","status-publish","format-standard","has-post-thumbnail","hentry","category-spor"],"_links":{"self":[{"href":"https:\/\/www.egemtv.com\/index.php?rest_route=\/wp\/v2\/posts\/62273","targetHints":{"allow":["GET"]}}],"collection":[{"href":"https:\/\/www.egemtv.com\/index.php?rest_route=\/wp\/v2\/posts"}],"about":[{"href":"https:\/\/www.egemtv.com\/index.php?rest_route=\/wp\/v2\/types\/post"}],"author":[{"embeddable":true,"href":"https:\/\/www.egemtv.com\/index.php?rest_route=\/wp\/v2\/users\/1"}],"replies":[{"embeddable":true,"href":"https:\/\/www.egemtv.com\/index.php?rest_route=%2Fwp%2Fv2%2Fcomments&post=62273"}],"version-history":[{"count":1,"href":"https:\/\/www.egemtv.com\/index.php?rest_route=\/wp\/v2\/posts\/62273\/revisions"}],"predecessor-version":[{"id":62275,"href":"https:\/\/www.egemtv.com\/index.php?rest_route=\/wp\/v2\/posts\/62273\/revisions\/62275"}],"wp:featuredmedia":[{"embeddable":true,"href":"https:\/\/www.egemtv.com\/index.php?rest_route=\/wp\/v2\/media\/62274"}],"wp:attachment":[{"href":"https:\/\/www.egemtv.com\/index.php?rest_route=%2Fwp%2Fv2%2Fmedia&parent=62273"}],"wp:term":[{"taxonomy":"category","embeddable":true,"href":"https:\/\/www.egemtv.com\/index.php?rest_route=%2Fwp%2Fv2%2Fcategories&post=62273"},{"taxonomy":"post_tag","embeddable":true,"href":"https:\/\/www.egemtv.com\/index.php?rest_route=%2Fwp%2Fv2%2Ftags&post=62273"}],"curies":[{"name":"wp","href":"https:\/\/api.w.org\/{rel}","templated":true}]}}