{"id":62264,"date":"2025-10-18T16:35:46","date_gmt":"2025-10-18T13:35:46","guid":{"rendered":"https:\/\/www.egemtv.com\/?p=62264"},"modified":"2025-10-18T16:35:47","modified_gmt":"2025-10-18T13:35:47","slug":"manisa-fk-erzurumspor-fk-macinin-ardindan","status":"publish","type":"post","link":"https:\/\/www.egemtv.com\/?p=62264","title":{"rendered":"Manisa FK &#8211; Erzurumspor FK ma\u00e7\u0131n\u0131n ard\u0131ndan"},"content":{"rendered":"<p>Trendyol 1. Lig\u2019in 10. haftas\u0131nda oynanan Manisa FK-Erzurumspor FK ma\u00e7\u0131n\u0131n ard\u0131ndan iki tak\u0131m\u0131n teknik direkt\u00f6rleri bas\u0131n toplant\u0131s\u0131nda a\u00e7\u0131klamalarda bulundu.<br \/>\n<br \/>Trendyol 1. Lig\u2019in 10. haftas\u0131nda Manisa FK, sahas\u0131nda kar\u015f\u0131la\u015ft\u0131\u011f\u0131 Erzurumspor FK ile 1-1 berabere kald\u0131. Ma\u00e7\u0131n ard\u0131ndan d\u00fczenlenen bas\u0131n toplant\u0131s\u0131nda konu\u015fan iki tak\u0131m\u0131n teknik direkt\u00f6rleri de\u011ferlendirmelerde bulundu.<\/p>\n<p>Taner Ta\u015fk\u0131n: &#8220;Kendimizi bir an \u00f6nce yukar\u0131ya do\u011fru atmak istiyoruz&#8221;<br \/>\n<br \/>Milli aray\u0131 iyi de\u011ferlendiklerini belirten Manisa FK Teknik Direkt\u00f6r\u00fc Taner Ta\u015fk\u0131n, &#8220;Milli ma\u00e7 aras\u0131n\u0131 \u00e7ok iyi de\u011ferlendirdik. Bug\u00fcn \u00e7ok derli toplu bir oyun vard\u0131. Galip gelebilece\u011fimiz ma\u00e7ta gene haftalarda yapt\u0131\u011f\u0131m\u0131z maalesef bireysel hatadan dolay\u0131 kendi saham\u0131zda puan kaybettik. Erzurumspor tamam g\u00fc\u00e7l\u00fc bir tak\u0131m, iyi bir tak\u0131m ama biz b\u00fct\u00fcn g\u00fc\u00e7l\u00fc yerlerini onlar\u0131n bertaraf etti\u011fimizi d\u00fc\u015f\u00fcn\u00fcyorum. Rakibe hi\u00e7 net pozisyon vermeden \u015fu anda bir puanla kendi saham\u0131zdan ayr\u0131l\u0131yoruz. Tabii ki galibiyet gelmek istiyorduk. \u00c7ocuklar \u00e7ok galibiyet istiyor ama haftalardan beri bireysel hatalardan yedi\u011fimiz gollerle ya puan veya puanlar kaybediyoruz. Maalesef biz teknik adamlar olarak genel olarak oyun plan\u0131nda pozisyon oyunlar\u0131ndan \u00f6nlem al\u0131yoruz ama oyuncunun kendi yapt\u0131\u011f\u0131 bireysel hataya d\u00fcnyan\u0131n hi\u00e7birinde \u00e7\u00f6z\u00fcm bulam\u0131yorlar. Ben de haftalardan beri bunu ya\u015f\u0131yorum. Manisa FK olarak iyi bir tak\u0131m\u0131z. \u00d6zellikle bug\u00fcn aram\u0131zda milli ma\u00e7 aras\u0131yla sakatl\u0131\u011f\u0131 biten Adekanye ve Burak geldi. Onlardan k\u0131smen faydaland\u0131m. Onlar\u0131n formunda hali bize \u00e7ok daha fazla puanlar kazand\u0131r\u0131r, onu da biliyorum. O y\u00fczden sab\u0131rla \u00e7al\u0131\u015faca\u011f\u0131z. Sab\u0131rla, inatla iyi tak\u0131m oldu\u011fumuzu, ilk \u00f6nce kendimize, daha sonra rakiplerimize g\u00f6sterece\u011fiz. Bug\u00fcn tak\u0131m\u0131n m\u00fccadelesinden, isteklerinden, arzusundan son derece memnundum. Bir puan\u0131 gene art\u0131 olarak hanemize at\u0131yoruz. \u00c7\u00fcnk\u00fc ge\u00e7en sene biz averajla ligde kalm\u0131\u015ft\u0131k. Her puan\u0131n de\u011ferini biliyoruz. \u00d6n\u00fcm\u00fczdeki Sar\u0131yer ma\u00e7\u0131 daha da zorlu ge\u00e7ecek. \u00c7ok iyi haz\u0131rlan\u0131p bir an \u00f6nce yukar\u0131ya do\u011fru kendimizi atmak istiyoruz&#8221; diye konu\u015ftu.<\/p>\n<p>Serkan \u00d6zbalta: &#8220;Ma\u011flubiyet yok ama beraberlikle taraftar\u0131m\u0131z\u0131 \u00fczd\u00fck&#8221;<br \/>\n<br \/>Deplasmana kazanmak i\u00e7in geldiklerini belirten Erzurumspor FK Teknik Direkt\u00f6r\u00fc Serkan \u00d6zbalta ise, &#8220;Ma\u00e7\u0131n ba\u015f\u0131ndan sonuna kadar kazanmay\u0131 istedi\u011fimizi net bir \u015fekilde sahada ifade etti\u011fimizi s\u00f6yleyebilirim. Beraberlik say\u0131m\u0131z biraz fazla bunu biliyoruz ama bu da ilgin\u00e7 bir s\u00fcre\u00e7. Bizim de ilk defa hayat\u0131m\u0131zda ya\u015fad\u0131\u011f\u0131m\u0131z bir s\u00fcre\u00e7. Hi\u00e7bir \u015fey diyemem. Burada bahane de uyduramam ama bunun \u00fcstesinden gelmek laz\u0131m. Neler yap\u0131labilir dersek kendi ad\u0131m\u0131za \u00e7ok \u00e7al\u0131\u015f\u0131p daha fazla \u00e7al\u0131\u015f\u0131p bir \u015feyleri biraz daha toparlay\u0131p her m\u00fcsabakaya aln\u0131m\u0131z dik bir \u015fekilde \u00e7\u0131kmam\u0131z laz\u0131m. \u00d6z g\u00fcvenle \u00f6z cesaretle \u00e7\u0131kmam\u0131z gerekiyor. Bug\u00fcn de ben futbol ad\u0131na \u00e7o\u011fu \u015fey yapt\u0131\u011f\u0131m\u0131za inan\u0131yorum. \u0130ki tak\u0131m ad\u0131na da m\u00fccadele vard\u0131. Ama biz kendi taraf\u0131m\u0131zdan bakt\u0131\u011f\u0131m\u0131zda hem m\u00fccadele hem oyun anlam\u0131nda ikinci yar\u0131da daha da domine etmeye ba\u015flad\u0131k. Buradan oyuncular\u0131m\u0131 kutluyorum. Ger\u00e7ekten bunu birka\u00e7 kere s\u00f6yledim ama buradan tekrar s\u00f6yl\u00fcyorum. Onlarla gurur duyuyorum. Tabii taraftarlar\u0131m\u0131z ma\u00e7a geliyor. Deplasmanlarda bizi yaln\u0131z b\u0131rakm\u0131yor. Onlar\u0131n bir Erzurumspor\u2019u var. Onlar da galibiyet istiyorlar. Galibiyeti \u00f6zlediler. Ma\u011flubiyet yok ama onlar\u0131 da bir beraberlikle daha biraz \u00fczd\u00fck. Erken bir d\u00f6n\u00fc\u015f yap\u0131p in\u015fallah galibiyet almak istiyoruz. Bunun da en erkeni \u00f6n\u00fcm\u00fczdeki hafta cuma g\u00fcn\u00fc i\u00e7erideki \u00dcmraniye m\u00fcsabakas\u0131. \u0130nan\u0131yorum bu oyuncu grubu bunu ba\u015faracak. Bu s\u00fcreci atlatacak. Mental a\u00e7\u0131dan kuvvetli kalacaklar. Zihinsel olarak dayanakl\u0131klar\u0131n\u0131, devaml\u0131l\u0131klar\u0131n\u0131 koruyacaklar&#8221; ifadelerini kulland\u0131.<br \/><\/p>\n","protected":false},"excerpt":{"rendered":"<p>Trendyol 1. Lig\u2019in 10. haftas\u0131nda oynanan Manisa FK-Erzurumspor FK ma\u00e7\u0131n\u0131n ard\u0131ndan iki tak\u0131m\u0131n teknik direkt\u00f6rleri bas\u0131n toplant\u0131s\u0131nda a\u00e7\u0131klamalarda bulundu. Trendyol 1. Lig\u2019in 10. haftas\u0131nda Manisa FK, sahas\u0131nda kar\u015f\u0131la\u015ft\u0131\u011f\u0131 Erzurumspor FK ile 1-1 berabere kald\u0131. Ma\u00e7\u0131n ard\u0131ndan d\u00fczenlenen bas\u0131n toplant\u0131s\u0131nda konu\u015fan iki tak\u0131m\u0131n teknik direkt\u00f6rleri de\u011ferlendirmelerde bulundu. Taner Ta\u015fk\u0131n: &#8220;Kendimizi bir an \u00f6nce yukar\u0131ya do\u011fru atmak&#8230;<\/p>\n","protected":false},"author":1,"featured_media":62265,"comment_status":"open","ping_status":"open","sticky":false,"template":"","format":"standard","meta":{"_crdt_document":"","footnotes":""},"categories":[4],"tags":[],"class_list":["post-62264","post","type-post","status-publish","format-standard","has-post-thumbnail","hentry","category-spor"],"_links":{"self":[{"href":"https:\/\/www.egemtv.com\/index.php?rest_route=\/wp\/v2\/posts\/62264","targetHints":{"allow":["GET"]}}],"collection":[{"href":"https:\/\/www.egemtv.com\/index.php?rest_route=\/wp\/v2\/posts"}],"about":[{"href":"https:\/\/www.egemtv.com\/index.php?rest_route=\/wp\/v2\/types\/post"}],"author":[{"embeddable":true,"href":"https:\/\/www.egemtv.com\/index.php?rest_route=\/wp\/v2\/users\/1"}],"replies":[{"embeddable":true,"href":"https:\/\/www.egemtv.com\/index.php?rest_route=%2Fwp%2Fv2%2Fcomments&post=62264"}],"version-history":[{"count":1,"href":"https:\/\/www.egemtv.com\/index.php?rest_route=\/wp\/v2\/posts\/62264\/revisions"}],"predecessor-version":[{"id":62266,"href":"https:\/\/www.egemtv.com\/index.php?rest_route=\/wp\/v2\/posts\/62264\/revisions\/62266"}],"wp:featuredmedia":[{"embeddable":true,"href":"https:\/\/www.egemtv.com\/index.php?rest_route=\/wp\/v2\/media\/62265"}],"wp:attachment":[{"href":"https:\/\/www.egemtv.com\/index.php?rest_route=%2Fwp%2Fv2%2Fmedia&parent=62264"}],"wp:term":[{"taxonomy":"category","embeddable":true,"href":"https:\/\/www.egemtv.com\/index.php?rest_route=%2Fwp%2Fv2%2Fcategories&post=62264"},{"taxonomy":"post_tag","embeddable":true,"href":"https:\/\/www.egemtv.com\/index.php?rest_route=%2Fwp%2Fv2%2Ftags&post=62264"}],"curies":[{"name":"wp","href":"https:\/\/api.w.org\/{rel}","templated":true}]}}