{"id":62261,"date":"2025-10-18T15:56:29","date_gmt":"2025-10-18T12:56:29","guid":{"rendered":"https:\/\/www.egemtv.com\/?p=62261"},"modified":"2025-10-18T15:56:30","modified_gmt":"2025-10-18T12:56:30","slug":"ailesine-bir-daha-gelmeyecegim-dedi-evden-ayrildi","status":"publish","type":"post","link":"https:\/\/www.egemtv.com\/?p=62261","title":{"rendered":"Ailesine &#8220;Bir daha gelmeyece\u011fim&#8221; dedi evden ayr\u0131ld\u0131"},"content":{"rendered":"<p>Ayd\u0131n\u2019\u0131n Efeler il\u00e7esinde ya\u015fayan 16 ya\u015f\u0131ndaki Muhammet Emir O\u011fuz, &#8220;eve bir daha gelmeyece\u011fim&#8221; diyip telefonu ve kimli\u011fini b\u0131rakarak ikametinden ayr\u0131ld\u0131. Yakla\u015f\u0131k 24 saattir \u00e7ocuklar\u0131ndan haber alamayan ve hayat\u0131ndan endi\u015fe eden ailesi kay\u0131p ba\u015fvurusunda bulunurken, kay\u0131p gencin bulunmas\u0131 i\u00e7in \u00e7al\u0131\u015fma ba\u015flat\u0131ld\u0131.<br \/>\n<br \/>Olay, 17 Ekim Cuma g\u00fcn\u00fc Osman Yozgatl\u0131 Mahallesi Atat\u00fcrk Bulvar\u0131 \u00fczerinde saat 16.30 s\u0131ralar\u0131nda meydana geldi. Edinilen bilgiye g\u00f6re ailesi ile birlikte ya\u015fayan Muhammet Emir O\u011fuz (16), hen\u00fcz bilinmeyen bir nedenle evden ayr\u0131ld\u0131. &#8220;Eve bir daha gelmeyece\u011fim&#8221; dedi\u011fi ve cep telefonu ile kimli\u011fini b\u0131rakarak evden ayr\u0131ld\u0131\u011f\u0131 \u00f6\u011frenilen gen\u00e7ten ailesi d\u00fcnden bu yana haber alamad\u0131. \u00c7ocuklar\u0131n\u0131n hayat\u0131ndan endi\u015fe eden ailesi, karakola giderek kay\u0131p ba\u015fvurusunda bulundu. \u00dczerinde mavi ti\u015f\u00f6rt, mavi kot pantolon ve siyah ayakkab\u0131 oldu\u011fu \u00f6\u011frenilen gencin bulunmas\u0131 i\u00e7in \u00e7al\u0131\u015fma ba\u015flat\u0131ld\u0131. O\u011fullar\u0131 i\u00e7in endi\u015felenen ailesi, 16 ya\u015f\u0131ndaki Muhammet Emir O\u011fuz\u2019u g\u00f6renlerin en yak\u0131n polis birimine bildirmelerini istedi.<br \/><\/p>\n","protected":false},"excerpt":{"rendered":"<p>Ayd\u0131n\u2019\u0131n Efeler il\u00e7esinde ya\u015fayan 16 ya\u015f\u0131ndaki Muhammet Emir O\u011fuz, &#8220;eve bir daha gelmeyece\u011fim&#8221; diyip telefonu ve kimli\u011fini b\u0131rakarak ikametinden ayr\u0131ld\u0131. Yakla\u015f\u0131k 24 saattir \u00e7ocuklar\u0131ndan haber alamayan ve hayat\u0131ndan endi\u015fe eden ailesi kay\u0131p ba\u015fvurusunda bulunurken, kay\u0131p gencin bulunmas\u0131 i\u00e7in \u00e7al\u0131\u015fma ba\u015flat\u0131ld\u0131. Olay, 17 Ekim Cuma g\u00fcn\u00fc Osman Yozgatl\u0131 Mahallesi Atat\u00fcrk Bulvar\u0131 \u00fczerinde saat 16.30 s\u0131ralar\u0131nda meydana&#8230;<\/p>\n","protected":false},"author":1,"featured_media":62262,"comment_status":"open","ping_status":"open","sticky":false,"template":"","format":"standard","meta":{"_crdt_document":"","footnotes":""},"categories":[5],"tags":[],"class_list":["post-62261","post","type-post","status-publish","format-standard","has-post-thumbnail","hentry","category-asayis"],"_links":{"self":[{"href":"https:\/\/www.egemtv.com\/index.php?rest_route=\/wp\/v2\/posts\/62261","targetHints":{"allow":["GET"]}}],"collection":[{"href":"https:\/\/www.egemtv.com\/index.php?rest_route=\/wp\/v2\/posts"}],"about":[{"href":"https:\/\/www.egemtv.com\/index.php?rest_route=\/wp\/v2\/types\/post"}],"author":[{"embeddable":true,"href":"https:\/\/www.egemtv.com\/index.php?rest_route=\/wp\/v2\/users\/1"}],"replies":[{"embeddable":true,"href":"https:\/\/www.egemtv.com\/index.php?rest_route=%2Fwp%2Fv2%2Fcomments&post=62261"}],"version-history":[{"count":1,"href":"https:\/\/www.egemtv.com\/index.php?rest_route=\/wp\/v2\/posts\/62261\/revisions"}],"predecessor-version":[{"id":62263,"href":"https:\/\/www.egemtv.com\/index.php?rest_route=\/wp\/v2\/posts\/62261\/revisions\/62263"}],"wp:featuredmedia":[{"embeddable":true,"href":"https:\/\/www.egemtv.com\/index.php?rest_route=\/wp\/v2\/media\/62262"}],"wp:attachment":[{"href":"https:\/\/www.egemtv.com\/index.php?rest_route=%2Fwp%2Fv2%2Fmedia&parent=62261"}],"wp:term":[{"taxonomy":"category","embeddable":true,"href":"https:\/\/www.egemtv.com\/index.php?rest_route=%2Fwp%2Fv2%2Fcategories&post=62261"},{"taxonomy":"post_tag","embeddable":true,"href":"https:\/\/www.egemtv.com\/index.php?rest_route=%2Fwp%2Fv2%2Ftags&post=62261"}],"curies":[{"name":"wp","href":"https:\/\/api.w.org\/{rel}","templated":true}]}}