{"id":62258,"date":"2025-10-18T15:56:28","date_gmt":"2025-10-18T12:56:28","guid":{"rendered":"https:\/\/www.egemtv.com\/?p=62258"},"modified":"2025-10-18T15:56:29","modified_gmt":"2025-10-18T12:56:29","slug":"cezaevinden-cikan-iki-supheli-6-ayri-hirsizlik-olayinin-faili-cikti","status":"publish","type":"post","link":"https:\/\/www.egemtv.com\/?p=62258","title":{"rendered":"Cezaevinden \u00e7\u0131kan iki \u015f\u00fcpheli, 6 ayr\u0131 h\u0131rs\u0131zl\u0131k olay\u0131n\u0131n faili \u00e7\u0131kt\u0131"},"content":{"rendered":"<p>\u0130zmir\u2019in Karaba\u011flar il\u00e7esinde son g\u00fcnlerde art arda meydana gelen motosiklet h\u0131rs\u0131zl\u0131klar\u0131, polis ekiplerinin titiz \u00e7al\u0131\u015fmas\u0131yla ayd\u0131nlat\u0131ld\u0131. H\u0131rs\u0131zlar\u0131n cezaevinden 6 ay \u00f6nce \u00e7\u0131kt\u0131klar\u0131 \u00f6\u011frenilen 2 ki\u015fi olduklar\u0131 ortaya \u00e7\u0131kt\u0131.<br \/>\n<br \/>Karaba\u011flar \u0130l\u00e7e Emniyet M\u00fcd\u00fcrl\u00fc\u011f\u00fcne ba\u011fl\u0131 Su\u00e7 \u00d6nleme ve Soru\u015fturma B\u00fcro Amirli\u011fi ekipleri, il\u00e7ede k\u0131sa s\u00fcrede \u00fcst \u00fcste ger\u00e7ekle\u015fen alt\u0131 ayr\u0131 motosiklet h\u0131rs\u0131zl\u0131\u011f\u0131 \u00fczerine geni\u015f \u00e7apl\u0131 bir \u00e7al\u0131\u015fma ba\u015flatt\u0131. Olaylar\u0131n ya\u015fand\u0131\u011f\u0131 b\u00f6lgelerdeki 4 g\u00fcvenlik ve 36 i\u015f yeri kameras\u0131na ait yakla\u015f\u0131k 100 saatlik g\u00f6r\u00fcnt\u00fc incelendi. Yap\u0131lan analizlerde, h\u0131rs\u0131zl\u0131k olaylar\u0131n\u0131n faillerinin k\u0131sa s\u00fcre \u00f6nce cezaevinden tahliye edilen B.E.H. ve F.Y. isimli \u015f\u00fcpheliler oldu\u011fu tespit edildi. Ekiplerin d\u00fczenledi\u011fi operasyonla iki \u015f\u00fcpheli yakalan\u0131rken, \u00e7al\u0131nt\u0131 5 motosiklet ele ge\u00e7irilerek sahiplerine teslim edildi. \u00d6te yandan h\u0131rs\u0131zl\u0131k olay\u0131n\u0131 ger\u00e7ekle\u015ftirenlerin, k\u0131sa s\u00fcre \u00f6nce cezaevinden tahliye olduklar\u0131 \u00f6\u011frenildi.<br \/>\n<br \/>Emniyetteki i\u015flemleri tamamlanan ve adliyeye sevk edilen her 2 \u015f\u00fcpheli de \u00e7\u0131kar\u0131ld\u0131klar\u0131 mahkemece tutuklanarak cezaevine g\u00f6nderildi.<br \/><\/p>\n","protected":false},"excerpt":{"rendered":"<p>\u0130zmir\u2019in Karaba\u011flar il\u00e7esinde son g\u00fcnlerde art arda meydana gelen motosiklet h\u0131rs\u0131zl\u0131klar\u0131, polis ekiplerinin titiz \u00e7al\u0131\u015fmas\u0131yla ayd\u0131nlat\u0131ld\u0131. H\u0131rs\u0131zlar\u0131n cezaevinden 6 ay \u00f6nce \u00e7\u0131kt\u0131klar\u0131 \u00f6\u011frenilen 2 ki\u015fi olduklar\u0131 ortaya \u00e7\u0131kt\u0131. Karaba\u011flar \u0130l\u00e7e Emniyet M\u00fcd\u00fcrl\u00fc\u011f\u00fcne ba\u011fl\u0131 Su\u00e7 \u00d6nleme ve Soru\u015fturma B\u00fcro Amirli\u011fi ekipleri, il\u00e7ede k\u0131sa s\u00fcrede \u00fcst \u00fcste ger\u00e7ekle\u015fen alt\u0131 ayr\u0131 motosiklet h\u0131rs\u0131zl\u0131\u011f\u0131 \u00fczerine geni\u015f \u00e7apl\u0131 bir \u00e7al\u0131\u015fma&#8230;<\/p>\n","protected":false},"author":1,"featured_media":62259,"comment_status":"open","ping_status":"open","sticky":false,"template":"","format":"standard","meta":{"_crdt_document":"","footnotes":""},"categories":[5],"tags":[],"class_list":["post-62258","post","type-post","status-publish","format-standard","has-post-thumbnail","hentry","category-asayis"],"_links":{"self":[{"href":"https:\/\/www.egemtv.com\/index.php?rest_route=\/wp\/v2\/posts\/62258","targetHints":{"allow":["GET"]}}],"collection":[{"href":"https:\/\/www.egemtv.com\/index.php?rest_route=\/wp\/v2\/posts"}],"about":[{"href":"https:\/\/www.egemtv.com\/index.php?rest_route=\/wp\/v2\/types\/post"}],"author":[{"embeddable":true,"href":"https:\/\/www.egemtv.com\/index.php?rest_route=\/wp\/v2\/users\/1"}],"replies":[{"embeddable":true,"href":"https:\/\/www.egemtv.com\/index.php?rest_route=%2Fwp%2Fv2%2Fcomments&post=62258"}],"version-history":[{"count":1,"href":"https:\/\/www.egemtv.com\/index.php?rest_route=\/wp\/v2\/posts\/62258\/revisions"}],"predecessor-version":[{"id":62260,"href":"https:\/\/www.egemtv.com\/index.php?rest_route=\/wp\/v2\/posts\/62258\/revisions\/62260"}],"wp:featuredmedia":[{"embeddable":true,"href":"https:\/\/www.egemtv.com\/index.php?rest_route=\/wp\/v2\/media\/62259"}],"wp:attachment":[{"href":"https:\/\/www.egemtv.com\/index.php?rest_route=%2Fwp%2Fv2%2Fmedia&parent=62258"}],"wp:term":[{"taxonomy":"category","embeddable":true,"href":"https:\/\/www.egemtv.com\/index.php?rest_route=%2Fwp%2Fv2%2Fcategories&post=62258"},{"taxonomy":"post_tag","embeddable":true,"href":"https:\/\/www.egemtv.com\/index.php?rest_route=%2Fwp%2Fv2%2Ftags&post=62258"}],"curies":[{"name":"wp","href":"https:\/\/api.w.org\/{rel}","templated":true}]}}