{"id":62255,"date":"2025-10-18T15:34:54","date_gmt":"2025-10-18T12:34:54","guid":{"rendered":"https:\/\/www.egemtv.com\/?p=62255"},"modified":"2025-10-18T15:34:55","modified_gmt":"2025-10-18T12:34:55","slug":"kaymakam-guldogan-halkin-taleplerini-yerinde-dinledi","status":"publish","type":"post","link":"https:\/\/www.egemtv.com\/?p=62255","title":{"rendered":"Kaymakam G\u00fcldo\u011fan halk\u0131n taleplerini yerinde dinledi"},"content":{"rendered":"<p>Salihli \u0130l\u00e7e Kaymakam\u0131 Ali G\u00fcldo\u011fan, mahalle ziyaretleri kapsam\u0131nda Mersindere ve \u00c7alt\u0131l\u0131 mahallelerinde vatanda\u015flarla bir araya gelerek sorun ve talepleri yerinde dinledi.<br \/>\n<br \/>Ziyaretlerde mahalle muhtarlar\u0131ndan bilgi alan Kaymakam G\u00fcldo\u011fan, mahalle sakinleriyle sohbet etti. Vatanda\u015flar\u0131n talep ve \u00f6nerilerini not alan G\u00fcldo\u011fan, kurum amirleriyle birlikte \u00e7\u00f6z\u00fcm i\u00e7in gerekli \u00e7al\u0131\u015fmalar\u0131n k\u0131sa s\u00fcrede ba\u015flat\u0131laca\u011f\u0131n\u0131 belirtti. G\u00fcldo\u011fan, mahalle ziyaretlerinin s\u00fcrece\u011fini ifade ederek, &#8220;Vatanda\u015flar\u0131m\u0131z\u0131n sesini yerinde duymak ve ihtiya\u00e7lar\u0131n\u0131 birlikte \u00e7\u00f6zmek i\u00e7in sahaday\u0131z&#8221; dedi.<br \/>\n<br \/>Kaymakam G\u00fcldo\u011fan\u2019a ziyaretlerinde Belediye Ba\u015fkan\u0131 Mazlum Nurlu, \u0130l\u00e7e Jandarma Komutan\u0131 Binba\u015f\u0131 Do\u011fukan Karaaslan ve ilgili kurum amirleri e\u015flik etti.<br \/><\/p>\n","protected":false},"excerpt":{"rendered":"<p>Salihli \u0130l\u00e7e Kaymakam\u0131 Ali G\u00fcldo\u011fan, mahalle ziyaretleri kapsam\u0131nda Mersindere ve \u00c7alt\u0131l\u0131 mahallelerinde vatanda\u015flarla bir araya gelerek sorun ve talepleri yerinde dinledi. Ziyaretlerde mahalle muhtarlar\u0131ndan bilgi alan Kaymakam G\u00fcldo\u011fan, mahalle sakinleriyle sohbet etti. Vatanda\u015flar\u0131n talep ve \u00f6nerilerini not alan G\u00fcldo\u011fan, kurum amirleriyle birlikte \u00e7\u00f6z\u00fcm i\u00e7in gerekli \u00e7al\u0131\u015fmalar\u0131n k\u0131sa s\u00fcrede ba\u015flat\u0131laca\u011f\u0131n\u0131 belirtti. G\u00fcldo\u011fan, mahalle ziyaretlerinin s\u00fcrece\u011fini ifade&#8230;<\/p>\n","protected":false},"author":1,"featured_media":62256,"comment_status":"open","ping_status":"open","sticky":false,"template":"","format":"standard","meta":{"_crdt_document":"","footnotes":""},"categories":[123],"tags":[],"class_list":["post-62255","post","type-post","status-publish","format-standard","has-post-thumbnail","hentry","category-gundem"],"_links":{"self":[{"href":"https:\/\/www.egemtv.com\/index.php?rest_route=\/wp\/v2\/posts\/62255","targetHints":{"allow":["GET"]}}],"collection":[{"href":"https:\/\/www.egemtv.com\/index.php?rest_route=\/wp\/v2\/posts"}],"about":[{"href":"https:\/\/www.egemtv.com\/index.php?rest_route=\/wp\/v2\/types\/post"}],"author":[{"embeddable":true,"href":"https:\/\/www.egemtv.com\/index.php?rest_route=\/wp\/v2\/users\/1"}],"replies":[{"embeddable":true,"href":"https:\/\/www.egemtv.com\/index.php?rest_route=%2Fwp%2Fv2%2Fcomments&post=62255"}],"version-history":[{"count":1,"href":"https:\/\/www.egemtv.com\/index.php?rest_route=\/wp\/v2\/posts\/62255\/revisions"}],"predecessor-version":[{"id":62257,"href":"https:\/\/www.egemtv.com\/index.php?rest_route=\/wp\/v2\/posts\/62255\/revisions\/62257"}],"wp:featuredmedia":[{"embeddable":true,"href":"https:\/\/www.egemtv.com\/index.php?rest_route=\/wp\/v2\/media\/62256"}],"wp:attachment":[{"href":"https:\/\/www.egemtv.com\/index.php?rest_route=%2Fwp%2Fv2%2Fmedia&parent=62255"}],"wp:term":[{"taxonomy":"category","embeddable":true,"href":"https:\/\/www.egemtv.com\/index.php?rest_route=%2Fwp%2Fv2%2Fcategories&post=62255"},{"taxonomy":"post_tag","embeddable":true,"href":"https:\/\/www.egemtv.com\/index.php?rest_route=%2Fwp%2Fv2%2Ftags&post=62255"}],"curies":[{"name":"wp","href":"https:\/\/api.w.org\/{rel}","templated":true}]}}