{"id":62252,"date":"2025-10-18T15:15:05","date_gmt":"2025-10-18T12:15:05","guid":{"rendered":"https:\/\/www.egemtv.com\/?p=62252"},"modified":"2025-10-18T15:15:06","modified_gmt":"2025-10-18T12:15:06","slug":"yuzlerce-universite-ogrencisi-gece-acik-hava-sinemasinda-bulustu","status":"publish","type":"post","link":"https:\/\/www.egemtv.com\/?p=62252","title":{"rendered":"Y\u00fczlerce \u00dcniversite \u00f6\u011frencisi gece a\u00e7\u0131k hava sinemas\u0131nda bulu\u015ftu"},"content":{"rendered":"<p>Mu\u011fla B\u00fcy\u00fck\u015fehir Belediyesi ile Mu\u011fla S\u0131tk\u0131 Ko\u00e7man \u00dcniversitesi i\u015f birli\u011fiyle yeni akademik y\u0131l\u0131n ba\u015flang\u0131c\u0131nda \u00f6\u011frenciler i\u00e7in keyifli bir etkinlik d\u00fczenledi. \u2018Akademik A\u00e7\u0131l\u0131\u015f G\u00fcn\u00fc Bulu\u015fmas\u0131\u2019 kapsam\u0131nda ger\u00e7ekle\u015ftirilen a\u00e7\u0131k hava sinema etkinli\u011finde \u00f6\u011frenciler, bir araya geldi. Dev ekranda g\u00f6sterilen film, \u00f6\u011frencilerin yo\u011fun ilgisiyle kar\u015f\u0131land\u0131.<br \/>\n<br \/>\u2018Montunu, battaniyeni, sandalyeni kap gel\u2019 slogan\u0131yla duyurulan etkinlikte, \u00f6\u011frenciler a\u00e7\u0131k havada film izleme keyfini ya\u015farken yeni d\u00f6nemin co\u015fkusunu birlikte payla\u015ft\u0131. S\u0131cak i\u00e7ecek ikramlar\u0131 ve m\u00fcziklerle renklenen ak\u015fam, \u00fcniversite \u00f6\u011frencilerinin sosyalle\u015fmesine katk\u0131 sundu.<br \/>\n<br \/>Mu\u011fla B\u00fcy\u00fck\u015fehir Belediyesi ve MSK\u00dc i\u015f birli\u011finde d\u00fczenlenen sinema etkinli\u011fi, hem yeni \u00f6\u011frencilerin \u00fcniversiteye uyum sa\u011flamas\u0131na hem de kamp\u00fcs ya\u015fam\u0131na ne\u015fe katmaya y\u00f6nelik etkinliklerin \u00fc\u00e7\u00fcnc\u00fc bulu\u015fmas\u0131 olarak dikkat \u00e7ekti.<br \/>\n<br \/>\u00c7elik: &#8220;Bu etkinlikler gen\u00e7lerin sosyalle\u015fmesini sa\u011fl\u0131yor&#8221;<br \/>\n<br \/>\u00d6\u011frenci H\u00fcseyin Sefa \u00c7elik, &#8220;Mu\u011fla B\u00fcy\u00fck\u015fehir Belediyesi ve Mu\u011fla S\u0131tk\u0131 Ko\u00e7man \u00dcniversitesi i\u015f birli\u011fi ile d\u00fczenlenen film gecesindeyiz. Mu\u011fla B\u00fcy\u00fck\u015fehir Belediyesi do\u011fa y\u00fcr\u00fcy\u00fc\u015fleri, film geceleri, kamp organizasyonlar\u0131 gibi etkinliklerle gen\u00e7lerin sosyalle\u015fmesine katk\u0131 sunuyor. Bu sebeple bu etkinli\u011fi d\u00fczenleyen Mu\u011fla B\u00fcy\u00fck\u015fehir Belediyesi\u2019ne ve Mu\u011fla S\u0131tk\u0131 Ko\u00e7man \u00dcniversitesi\u2019ne te\u015fekk\u00fcr ediyorum&#8221; dedi.<br \/>\n<br \/>Ba\u015fkan Aras: &#8220;Gen\u00e7lerin enerjisi bu \u015fehrin kalbini olu\u015fturuyor&#8221;<br \/>\n<br \/>K\u0131y\u0131 Ege Belediyeler Birli\u011fi ve Mu\u011fla B\u00fcy\u00fck\u015fehir Belediye Ba\u015fkan\u0131 Ahmet Aras \u015funlar\u0131 s\u00f6yledi:<br \/>\n<br \/>&#8220;Mu\u011fla bir \u00fcniversite kenti, gen\u00e7lerin enerjisi bu \u015fehrin kalbini olu\u015fturuyor. Biz de B\u00fcy\u00fck\u015fehir Belediyesi olarak, \u00f6\u011frencilerimizin kamp\u00fcs ya\u015fam\u0131na renk katacak, onlar\u0131 bir araya getirecek etkinlikleri \u00e7o\u011faltmak istiyoruz. Akademik y\u0131l\u0131n bu ilk g\u00fcnlerinde gen\u00e7lerimizin g\u00fcl\u00fcmsemesi, bizim i\u00e7in en g\u00fczel ba\u015flang\u0131\u00e7&#8221;<br \/><\/p>\n","protected":false},"excerpt":{"rendered":"<p>Mu\u011fla B\u00fcy\u00fck\u015fehir Belediyesi ile Mu\u011fla S\u0131tk\u0131 Ko\u00e7man \u00dcniversitesi i\u015f birli\u011fiyle yeni akademik y\u0131l\u0131n ba\u015flang\u0131c\u0131nda \u00f6\u011frenciler i\u00e7in keyifli bir etkinlik d\u00fczenledi. \u2018Akademik A\u00e7\u0131l\u0131\u015f G\u00fcn\u00fc Bulu\u015fmas\u0131\u2019 kapsam\u0131nda ger\u00e7ekle\u015ftirilen a\u00e7\u0131k hava sinema etkinli\u011finde \u00f6\u011frenciler, bir araya geldi. Dev ekranda g\u00f6sterilen film, \u00f6\u011frencilerin yo\u011fun ilgisiyle kar\u015f\u0131land\u0131. \u2018Montunu, battaniyeni, sandalyeni kap gel\u2019 slogan\u0131yla duyurulan etkinlikte, \u00f6\u011frenciler a\u00e7\u0131k havada film izleme&#8230;<\/p>\n","protected":false},"author":1,"featured_media":62253,"comment_status":"open","ping_status":"open","sticky":false,"template":"","format":"standard","meta":{"_crdt_document":"","footnotes":""},"categories":[1],"tags":[],"class_list":["post-62252","post","type-post","status-publish","format-standard","has-post-thumbnail","hentry","category-guncel"],"_links":{"self":[{"href":"https:\/\/www.egemtv.com\/index.php?rest_route=\/wp\/v2\/posts\/62252","targetHints":{"allow":["GET"]}}],"collection":[{"href":"https:\/\/www.egemtv.com\/index.php?rest_route=\/wp\/v2\/posts"}],"about":[{"href":"https:\/\/www.egemtv.com\/index.php?rest_route=\/wp\/v2\/types\/post"}],"author":[{"embeddable":true,"href":"https:\/\/www.egemtv.com\/index.php?rest_route=\/wp\/v2\/users\/1"}],"replies":[{"embeddable":true,"href":"https:\/\/www.egemtv.com\/index.php?rest_route=%2Fwp%2Fv2%2Fcomments&post=62252"}],"version-history":[{"count":1,"href":"https:\/\/www.egemtv.com\/index.php?rest_route=\/wp\/v2\/posts\/62252\/revisions"}],"predecessor-version":[{"id":62254,"href":"https:\/\/www.egemtv.com\/index.php?rest_route=\/wp\/v2\/posts\/62252\/revisions\/62254"}],"wp:featuredmedia":[{"embeddable":true,"href":"https:\/\/www.egemtv.com\/index.php?rest_route=\/wp\/v2\/media\/62253"}],"wp:attachment":[{"href":"https:\/\/www.egemtv.com\/index.php?rest_route=%2Fwp%2Fv2%2Fmedia&parent=62252"}],"wp:term":[{"taxonomy":"category","embeddable":true,"href":"https:\/\/www.egemtv.com\/index.php?rest_route=%2Fwp%2Fv2%2Fcategories&post=62252"},{"taxonomy":"post_tag","embeddable":true,"href":"https:\/\/www.egemtv.com\/index.php?rest_route=%2Fwp%2Fv2%2Ftags&post=62252"}],"curies":[{"name":"wp","href":"https:\/\/api.w.org\/{rel}","templated":true}]}}