{"id":62249,"date":"2025-10-18T14:54:55","date_gmt":"2025-10-18T11:54:55","guid":{"rendered":"https:\/\/www.egemtv.com\/?p=62249"},"modified":"2025-10-18T14:54:56","modified_gmt":"2025-10-18T11:54:56","slug":"ogrencilerden-anlamli-rozet-tasarimi","status":"publish","type":"post","link":"https:\/\/www.egemtv.com\/?p=62249","title":{"rendered":"\u00d6\u011frencilerden anlaml\u0131 rozet tasar\u0131m\u0131"},"content":{"rendered":"<p>Ayd\u0131n Gen\u00e7lik Merkezi\u2019nde bir araya gelen \u00f6\u011frenciler, Filistin bayrakl\u0131 rozetler tasarlayarak hem dayan\u0131\u015fma duygusunu peki\u015ftirdi hem de birlikteli\u011fe dikkat \u00e7ekti.<br \/>\n<br \/>Ayd\u0131n Gen\u00e7lik Merkezi, &#8220;Okullar Merkezimizde&#8221; projesi kapsam\u0131nda K\u0131z\u0131lcak\u00f6y \u015eehit \u0130dris Atalan Ortaokulu \u00f6\u011frencilerini a\u011f\u0131rlad\u0131. Merkezde d\u00fczenlenen etkinlikte \u00f6\u011frencilere Gen\u00e7lik Merkezi\u2019nin faaliyetleri tan\u0131t\u0131ld\u0131, ard\u0131ndan \u00e7e\u015fitli e\u011fitici ve e\u011flenceli at\u00f6lyeler ger\u00e7ekle\u015ftirildi. G\u00fcn\u00fcn en anlaml\u0131 etkinli\u011fi ise Filistin\u2019e destek amac\u0131yla yap\u0131lan rozet tasar\u0131m\u0131 oldu. \u00d6\u011frenciler kendi elleriyle Filistin bayra\u011f\u0131n\u0131 ta\u015f\u0131yan rozetler haz\u0131rlayarak hem el becerilerini geli\u015ftirdi hem de dayan\u0131\u015fma mesaj\u0131 verdi.<br \/>\n<br \/>Etkinlik ile ilgili Ayd\u0131n Gen\u00e7lik Merkezi\u2019nden yap\u0131lan a\u00e7\u0131klamada &#8220;Okullar Merkezimizde projesi kapsam\u0131nda Ayd\u0131n Gen\u00e7lik Merkezimizde K\u0131z\u0131lcak\u00f6y \u015eehit \u0130dris Atalan Ortaokulu \u00f6\u011frencilerini a\u011f\u0131rlad\u0131k. Gen\u00e7lik Merkezimizi tan\u0131tt\u0131k, \u00f6\u011frencilerimizle birlikte e\u011flenceli ve \u00f6\u011fretici oyunlar oynad\u0131k. Ard\u0131ndan Filistin bayrakl\u0131 rozetler tasarlad\u0131k&#8221; ifadeleri yer ald\u0131.<br \/><\/p>\n","protected":false},"excerpt":{"rendered":"<p>Ayd\u0131n Gen\u00e7lik Merkezi\u2019nde bir araya gelen \u00f6\u011frenciler, Filistin bayrakl\u0131 rozetler tasarlayarak hem dayan\u0131\u015fma duygusunu peki\u015ftirdi hem de birlikteli\u011fe dikkat \u00e7ekti. Ayd\u0131n Gen\u00e7lik Merkezi, &#8220;Okullar Merkezimizde&#8221; projesi kapsam\u0131nda K\u0131z\u0131lcak\u00f6y \u015eehit \u0130dris Atalan Ortaokulu \u00f6\u011frencilerini a\u011f\u0131rlad\u0131. Merkezde d\u00fczenlenen etkinlikte \u00f6\u011frencilere Gen\u00e7lik Merkezi\u2019nin faaliyetleri tan\u0131t\u0131ld\u0131, ard\u0131ndan \u00e7e\u015fitli e\u011fitici ve e\u011flenceli at\u00f6lyeler ger\u00e7ekle\u015ftirildi. G\u00fcn\u00fcn en anlaml\u0131 etkinli\u011fi ise Filistin\u2019e&#8230;<\/p>\n","protected":false},"author":1,"featured_media":62250,"comment_status":"open","ping_status":"open","sticky":false,"template":"","format":"standard","meta":{"_crdt_document":"","footnotes":""},"categories":[1],"tags":[],"class_list":["post-62249","post","type-post","status-publish","format-standard","has-post-thumbnail","hentry","category-guncel"],"_links":{"self":[{"href":"https:\/\/www.egemtv.com\/index.php?rest_route=\/wp\/v2\/posts\/62249","targetHints":{"allow":["GET"]}}],"collection":[{"href":"https:\/\/www.egemtv.com\/index.php?rest_route=\/wp\/v2\/posts"}],"about":[{"href":"https:\/\/www.egemtv.com\/index.php?rest_route=\/wp\/v2\/types\/post"}],"author":[{"embeddable":true,"href":"https:\/\/www.egemtv.com\/index.php?rest_route=\/wp\/v2\/users\/1"}],"replies":[{"embeddable":true,"href":"https:\/\/www.egemtv.com\/index.php?rest_route=%2Fwp%2Fv2%2Fcomments&post=62249"}],"version-history":[{"count":1,"href":"https:\/\/www.egemtv.com\/index.php?rest_route=\/wp\/v2\/posts\/62249\/revisions"}],"predecessor-version":[{"id":62251,"href":"https:\/\/www.egemtv.com\/index.php?rest_route=\/wp\/v2\/posts\/62249\/revisions\/62251"}],"wp:featuredmedia":[{"embeddable":true,"href":"https:\/\/www.egemtv.com\/index.php?rest_route=\/wp\/v2\/media\/62250"}],"wp:attachment":[{"href":"https:\/\/www.egemtv.com\/index.php?rest_route=%2Fwp%2Fv2%2Fmedia&parent=62249"}],"wp:term":[{"taxonomy":"category","embeddable":true,"href":"https:\/\/www.egemtv.com\/index.php?rest_route=%2Fwp%2Fv2%2Fcategories&post=62249"},{"taxonomy":"post_tag","embeddable":true,"href":"https:\/\/www.egemtv.com\/index.php?rest_route=%2Fwp%2Fv2%2Ftags&post=62249"}],"curies":[{"name":"wp","href":"https:\/\/api.w.org\/{rel}","templated":true}]}}