{"id":62246,"date":"2025-10-18T14:54:54","date_gmt":"2025-10-18T11:54:54","guid":{"rendered":"https:\/\/www.egemtv.com\/?p=62246"},"modified":"2025-10-18T14:54:54","modified_gmt":"2025-10-18T11:54:54","slug":"didime-dogalgaz-mujdesi-proje-resmen-onaylandi","status":"publish","type":"post","link":"https:\/\/www.egemtv.com\/?p=62246","title":{"rendered":"Didim\u2019e do\u011falgaz m\u00fcjdesi, proje resmen onayland\u0131"},"content":{"rendered":"<p>Enerji ve Tabii Kaynaklar Bakanl\u0131\u011f\u0131\u2019n\u0131n onay\u0131yla Didim Do\u011fal Gaz Boru Hatt\u0131 Projesi resmen ba\u015flayacak ve acele kamula\u015ft\u0131rma karar\u0131n\u0131n al\u0131nd\u0131\u011f\u0131 projeyle Didim, do\u011falgaza kavu\u015facak.<br \/>\n<br \/>Ayd\u0131n\u2019\u0131n Didim il\u00e7esi i\u00e7in uzun s\u00fcredir beklenen Do\u011fal Gaz Boru Hatt\u0131 Projesi resmen onayland\u0131. Enerji ve Tabii Kaynaklar Bakanl\u0131\u011f\u0131 ile y\u00fcr\u00fct\u00fclen yo\u011fun \u00e7al\u0131\u015fmalar\u0131n ard\u0131ndan, BOTA\u015e Genel M\u00fcd\u00fcrl\u00fc\u011f\u00fc taraf\u0131ndan projenin hayata ge\u00e7irilmesi i\u00e7in gerekli acele kamula\u015ft\u0131rma karar\u0131 al\u0131nd\u0131. Didim\u2019e do\u011falgaz kazand\u0131racak olan proje kapsam\u0131nda, sabit tesisler, enerji nakil hatlar\u0131, ula\u015f\u0131m yollar\u0131 ve koruma altyap\u0131lar\u0131 in\u015fa edilecek. Bu kapsamda il\u00e7enin hem modern enerji altyap\u0131s\u0131na kavu\u015fmas\u0131 hem de ekonomik, \u00e7evreci ve s\u00fcrd\u00fcr\u00fclebilir bir enerji sistemine ad\u0131m atmas\u0131 hedefleniyor. Didim Do\u011falgaz Projesi\u2019nin, Ayd\u0131n genelinde enerji altyap\u0131s\u0131n\u0131n g\u00fc\u00e7lendirilmesi ve vatanda\u015flar\u0131n ya\u015fam standartlar\u0131n\u0131n y\u00fckseltilmesi ad\u0131na \u00f6nemli bir ad\u0131m oldu\u011fu vurguland\u0131. Al\u0131nan karar\u0131n ard\u0131ndan, saha \u00e7al\u0131\u015fmalar\u0131n\u0131n k\u0131sa s\u00fcrede ba\u015flamas\u0131 planlan\u0131yor.<br \/><\/p>\n","protected":false},"excerpt":{"rendered":"<p>Enerji ve Tabii Kaynaklar Bakanl\u0131\u011f\u0131\u2019n\u0131n onay\u0131yla Didim Do\u011fal Gaz Boru Hatt\u0131 Projesi resmen ba\u015flayacak ve acele kamula\u015ft\u0131rma karar\u0131n\u0131n al\u0131nd\u0131\u011f\u0131 projeyle Didim, do\u011falgaza kavu\u015facak. Ayd\u0131n\u2019\u0131n Didim il\u00e7esi i\u00e7in uzun s\u00fcredir beklenen Do\u011fal Gaz Boru Hatt\u0131 Projesi resmen onayland\u0131. Enerji ve Tabii Kaynaklar Bakanl\u0131\u011f\u0131 ile y\u00fcr\u00fct\u00fclen yo\u011fun \u00e7al\u0131\u015fmalar\u0131n ard\u0131ndan, BOTA\u015e Genel M\u00fcd\u00fcrl\u00fc\u011f\u00fc taraf\u0131ndan projenin hayata ge\u00e7irilmesi i\u00e7in&#8230;<\/p>\n","protected":false},"author":1,"featured_media":62247,"comment_status":"open","ping_status":"open","sticky":false,"template":"","format":"standard","meta":{"_crdt_document":"","footnotes":""},"categories":[1],"tags":[],"class_list":["post-62246","post","type-post","status-publish","format-standard","has-post-thumbnail","hentry","category-guncel"],"_links":{"self":[{"href":"https:\/\/www.egemtv.com\/index.php?rest_route=\/wp\/v2\/posts\/62246","targetHints":{"allow":["GET"]}}],"collection":[{"href":"https:\/\/www.egemtv.com\/index.php?rest_route=\/wp\/v2\/posts"}],"about":[{"href":"https:\/\/www.egemtv.com\/index.php?rest_route=\/wp\/v2\/types\/post"}],"author":[{"embeddable":true,"href":"https:\/\/www.egemtv.com\/index.php?rest_route=\/wp\/v2\/users\/1"}],"replies":[{"embeddable":true,"href":"https:\/\/www.egemtv.com\/index.php?rest_route=%2Fwp%2Fv2%2Fcomments&post=62246"}],"version-history":[{"count":1,"href":"https:\/\/www.egemtv.com\/index.php?rest_route=\/wp\/v2\/posts\/62246\/revisions"}],"predecessor-version":[{"id":62248,"href":"https:\/\/www.egemtv.com\/index.php?rest_route=\/wp\/v2\/posts\/62246\/revisions\/62248"}],"wp:featuredmedia":[{"embeddable":true,"href":"https:\/\/www.egemtv.com\/index.php?rest_route=\/wp\/v2\/media\/62247"}],"wp:attachment":[{"href":"https:\/\/www.egemtv.com\/index.php?rest_route=%2Fwp%2Fv2%2Fmedia&parent=62246"}],"wp:term":[{"taxonomy":"category","embeddable":true,"href":"https:\/\/www.egemtv.com\/index.php?rest_route=%2Fwp%2Fv2%2Fcategories&post=62246"},{"taxonomy":"post_tag","embeddable":true,"href":"https:\/\/www.egemtv.com\/index.php?rest_route=%2Fwp%2Fv2%2Ftags&post=62246"}],"curies":[{"name":"wp","href":"https:\/\/api.w.org\/{rel}","templated":true}]}}