{"id":62243,"date":"2025-10-18T14:34:59","date_gmt":"2025-10-18T11:34:59","guid":{"rendered":"https:\/\/www.egemtv.com\/?p=62243"},"modified":"2025-10-18T14:34:59","modified_gmt":"2025-10-18T11:34:59","slug":"salihlide-din-gorevlileri-dart-turnuvasinda-bulustu","status":"publish","type":"post","link":"https:\/\/www.egemtv.com\/?p=62243","title":{"rendered":"Salihli\u2019de din g\u00f6revlileri dart turnuvas\u0131nda bulu\u015ftu"},"content":{"rendered":"<p>MAN\u0130SA (\u0130HA) \u2013 Manisa\u2019n\u0131n Salihli il\u00e7esinde Camiler ve Din G\u00f6revlileri Haftas\u0131 kapsam\u0131nda d\u00fczenlenen dart turnuvas\u0131 renkli g\u00f6r\u00fcnt\u00fclere sahne oldu.<br \/>\n<br \/>Salihli Gen\u00e7lik Merkezi\u2019nin ev sahipli\u011finde ger\u00e7ekle\u015ftirilen turnuvaya, il\u00e7e merkezi ve mahalle camilerinde g\u00f6rev yapan imam-hatipler kat\u0131ld\u0131. Dostluk ve dayan\u0131\u015fma havas\u0131nda ge\u00e7en yar\u0131\u015fmada din g\u00f6revlileri hem hedefi tam isabetle vurmak hem de birlik ve beraberli\u011fi peki\u015ftirmek i\u00e7in m\u00fccadele etti.<br \/>\n<br \/>Turnuva sonunda dereceye giren din g\u00f6revlilerine madalya ve hediyeleri, Salihli Gen\u00e7lik Merkezi M\u00fcd\u00fcr\u00fc T\u00fcmen Ulu ile kurum personeli taraf\u0131ndan takdim edildi. Gen\u00e7lik merkezi yetkilileri, etkinli\u011fin amac\u0131n\u0131n din g\u00f6revlileriyle kurum aras\u0131ndaki sosyal ba\u011flar\u0131 g\u00fc\u00e7lendirmek ve Camiler ve Din G\u00f6revlileri Haftas\u0131\u2019n\u0131n \u00f6nemine dikkat \u00e7ekmek oldu\u011funu belirtti.<br \/><\/p>\n","protected":false},"excerpt":{"rendered":"<p>MAN\u0130SA (\u0130HA) \u2013 Manisa\u2019n\u0131n Salihli il\u00e7esinde Camiler ve Din G\u00f6revlileri Haftas\u0131 kapsam\u0131nda d\u00fczenlenen dart turnuvas\u0131 renkli g\u00f6r\u00fcnt\u00fclere sahne oldu. Salihli Gen\u00e7lik Merkezi\u2019nin ev sahipli\u011finde ger\u00e7ekle\u015ftirilen turnuvaya, il\u00e7e merkezi ve mahalle camilerinde g\u00f6rev yapan imam-hatipler kat\u0131ld\u0131. Dostluk ve dayan\u0131\u015fma havas\u0131nda ge\u00e7en yar\u0131\u015fmada din g\u00f6revlileri hem hedefi tam isabetle vurmak hem de birlik ve beraberli\u011fi peki\u015ftirmek i\u00e7in&#8230;<\/p>\n","protected":false},"author":1,"featured_media":62244,"comment_status":"open","ping_status":"open","sticky":false,"template":"","format":"standard","meta":{"_crdt_document":"","footnotes":""},"categories":[4],"tags":[],"class_list":["post-62243","post","type-post","status-publish","format-standard","has-post-thumbnail","hentry","category-spor"],"_links":{"self":[{"href":"https:\/\/www.egemtv.com\/index.php?rest_route=\/wp\/v2\/posts\/62243","targetHints":{"allow":["GET"]}}],"collection":[{"href":"https:\/\/www.egemtv.com\/index.php?rest_route=\/wp\/v2\/posts"}],"about":[{"href":"https:\/\/www.egemtv.com\/index.php?rest_route=\/wp\/v2\/types\/post"}],"author":[{"embeddable":true,"href":"https:\/\/www.egemtv.com\/index.php?rest_route=\/wp\/v2\/users\/1"}],"replies":[{"embeddable":true,"href":"https:\/\/www.egemtv.com\/index.php?rest_route=%2Fwp%2Fv2%2Fcomments&post=62243"}],"version-history":[{"count":1,"href":"https:\/\/www.egemtv.com\/index.php?rest_route=\/wp\/v2\/posts\/62243\/revisions"}],"predecessor-version":[{"id":62245,"href":"https:\/\/www.egemtv.com\/index.php?rest_route=\/wp\/v2\/posts\/62243\/revisions\/62245"}],"wp:featuredmedia":[{"embeddable":true,"href":"https:\/\/www.egemtv.com\/index.php?rest_route=\/wp\/v2\/media\/62244"}],"wp:attachment":[{"href":"https:\/\/www.egemtv.com\/index.php?rest_route=%2Fwp%2Fv2%2Fmedia&parent=62243"}],"wp:term":[{"taxonomy":"category","embeddable":true,"href":"https:\/\/www.egemtv.com\/index.php?rest_route=%2Fwp%2Fv2%2Fcategories&post=62243"},{"taxonomy":"post_tag","embeddable":true,"href":"https:\/\/www.egemtv.com\/index.php?rest_route=%2Fwp%2Fv2%2Ftags&post=62243"}],"curies":[{"name":"wp","href":"https:\/\/api.w.org\/{rel}","templated":true}]}}