{"id":62240,"date":"2025-10-18T14:16:16","date_gmt":"2025-10-18T11:16:16","guid":{"rendered":"https:\/\/www.egemtv.com\/?p=62240"},"modified":"2025-10-18T14:16:17","modified_gmt":"2025-10-18T11:16:17","slug":"baskan-okuzcuoglu-ciftcilerle-birlikte-zeytin-hasadi-yapti","status":"publish","type":"post","link":"https:\/\/www.egemtv.com\/?p=62240","title":{"rendered":"Ba\u015fkan \u00d6k\u00fczc\u00fco\u011flu \u00e7ift\u00e7ilerle birlikte zeytin hasad\u0131 yapt\u0131"},"content":{"rendered":"<p>Manisa\u2019n\u0131n Ala\u015fehir il\u00e7esinde zeytin hasat d\u00f6nemi ba\u015flad\u0131. Ala\u015fehir Belediye Ba\u015fkan\u0131 Ahmet \u00d6k\u00fczc\u00fco\u011flu, zeytin \u00fcreticilerini bah\u00e7elerinde ziyaret ederek onlarla birlikte zeytin toplad\u0131.<br \/>\n<br \/>Ziyaret \u00f6ncesinde \u00fcreticilerle birlikte bol zeytinli bir sabah kahvalt\u0131s\u0131 yapan Ba\u015fkan \u00d6k\u00fczc\u00fco\u011flu, ard\u0131ndan \u00fcretici aileyle birlikte zeytin bah\u00e7esinde hasat yapt\u0131. Ba\u015fkan \u00d6k\u00fczc\u00fco\u011flu, bu y\u0131l zeytin rekoltesinin d\u00fc\u015f\u00fck oldu\u011funu ancak fiyatlar\u0131n y\u00fcksek olmas\u0131n\u0131n \u00fcreticileri bir nebze rahatlatt\u0131\u011f\u0131n\u0131 belirtti. \u00d6k\u00fczc\u00fco\u011flu, zeytin toplarken \u00f6zellikle \u00f6n\u00fcm\u00fczdeki y\u0131l daha verimli \u00fcr\u00fcn al\u0131nabilmesi i\u00e7in t\u0131rm\u0131kla hasat yap\u0131lmamas\u0131n\u0131 tavsiye etti. Zeytin \u00fcreticisi Serdar Karak, belediye ba\u015fkan\u0131n\u0131n kendilerini ziyaret etmesinden b\u00fcy\u00fck memnuniyet duyduklar\u0131n\u0131 belirterek, &#8220;Ba\u015fkan\u0131m\u0131z\u0131 i\u00e7imizden biri olarak g\u00f6r\u00fcyoruz. Sa\u011f olsun, kendileri de gelip bizlerle birlikte hasat heyecan\u0131m\u0131za ortak oldu. Zeytin hasad\u0131m\u0131z\u0131n bereketli olmas\u0131n\u0131 diliyorum. Bu y\u0131l zeytin rekoltesi d\u00fc\u015f\u00fck ama \u00fcr\u00fcnlerimiz \u00e7ok kaliteli. Piyasada da de\u011ferini bulaca\u011f\u0131na inan\u0131yorum. Hasad\u0131m\u0131z\u0131n hay\u0131rl\u0131 olmas\u0131n\u0131 diliyorum&#8221; dedi.<br \/><\/p>\n","protected":false},"excerpt":{"rendered":"<p>Manisa\u2019n\u0131n Ala\u015fehir il\u00e7esinde zeytin hasat d\u00f6nemi ba\u015flad\u0131. Ala\u015fehir Belediye Ba\u015fkan\u0131 Ahmet \u00d6k\u00fczc\u00fco\u011flu, zeytin \u00fcreticilerini bah\u00e7elerinde ziyaret ederek onlarla birlikte zeytin toplad\u0131. Ziyaret \u00f6ncesinde \u00fcreticilerle birlikte bol zeytinli bir sabah kahvalt\u0131s\u0131 yapan Ba\u015fkan \u00d6k\u00fczc\u00fco\u011flu, ard\u0131ndan \u00fcretici aileyle birlikte zeytin bah\u00e7esinde hasat yapt\u0131. Ba\u015fkan \u00d6k\u00fczc\u00fco\u011flu, bu y\u0131l zeytin rekoltesinin d\u00fc\u015f\u00fck oldu\u011funu ancak fiyatlar\u0131n y\u00fcksek olmas\u0131n\u0131n \u00fcreticileri bir&#8230;<\/p>\n","protected":false},"author":1,"featured_media":62241,"comment_status":"open","ping_status":"open","sticky":false,"template":"","format":"standard","meta":{"_crdt_document":"","footnotes":""},"categories":[125],"tags":[],"class_list":["post-62240","post","type-post","status-publish","format-standard","has-post-thumbnail","hentry","category-ekonomi"],"_links":{"self":[{"href":"https:\/\/www.egemtv.com\/index.php?rest_route=\/wp\/v2\/posts\/62240","targetHints":{"allow":["GET"]}}],"collection":[{"href":"https:\/\/www.egemtv.com\/index.php?rest_route=\/wp\/v2\/posts"}],"about":[{"href":"https:\/\/www.egemtv.com\/index.php?rest_route=\/wp\/v2\/types\/post"}],"author":[{"embeddable":true,"href":"https:\/\/www.egemtv.com\/index.php?rest_route=\/wp\/v2\/users\/1"}],"replies":[{"embeddable":true,"href":"https:\/\/www.egemtv.com\/index.php?rest_route=%2Fwp%2Fv2%2Fcomments&post=62240"}],"version-history":[{"count":1,"href":"https:\/\/www.egemtv.com\/index.php?rest_route=\/wp\/v2\/posts\/62240\/revisions"}],"predecessor-version":[{"id":62242,"href":"https:\/\/www.egemtv.com\/index.php?rest_route=\/wp\/v2\/posts\/62240\/revisions\/62242"}],"wp:featuredmedia":[{"embeddable":true,"href":"https:\/\/www.egemtv.com\/index.php?rest_route=\/wp\/v2\/media\/62241"}],"wp:attachment":[{"href":"https:\/\/www.egemtv.com\/index.php?rest_route=%2Fwp%2Fv2%2Fmedia&parent=62240"}],"wp:term":[{"taxonomy":"category","embeddable":true,"href":"https:\/\/www.egemtv.com\/index.php?rest_route=%2Fwp%2Fv2%2Fcategories&post=62240"},{"taxonomy":"post_tag","embeddable":true,"href":"https:\/\/www.egemtv.com\/index.php?rest_route=%2Fwp%2Fv2%2Ftags&post=62240"}],"curies":[{"name":"wp","href":"https:\/\/api.w.org\/{rel}","templated":true}]}}