{"id":62237,"date":"2025-10-18T14:16:15","date_gmt":"2025-10-18T11:16:15","guid":{"rendered":"https:\/\/www.egemtv.com\/?p=62237"},"modified":"2025-10-18T14:16:16","modified_gmt":"2025-10-18T11:16:16","slug":"sakin-kent-akyaka-2025-yilinin-en-iyi-turizm-koyleri-arasinda","status":"publish","type":"post","link":"https:\/\/www.egemtv.com\/?p=62237","title":{"rendered":"\u2018Sakin Kent\u2019 Akyaka, 2025 y\u0131l\u0131n\u0131n en iyi turizm k\u00f6yleri aras\u0131nda"},"content":{"rendered":"<p>Birle\u015fmi\u015f Milletler Turizm \u00d6rg\u00fct\u00fc\u2019n\u00fcn 2025 \u2018En \u0130yi Turizm K\u00f6yleri\u2019 listesinde T\u00fcrkiye\u2019den d\u00f6rt k\u00f6y yer ald\u0131. Mu\u011fla\u2019n\u0131n \u2019Sakin Kent\u2019 unvanl\u0131 Akyaka Mahallesi, do\u011fal g\u00fczellikleri ve \u00e7evre dostu mimarisiyle d\u00fcnyaya \u00f6rnek oldu.<br \/>\n<br \/>Be\u015finci kez ger\u00e7ekle\u015ftirilen programda, 29 \u00fclkeden 52 k\u00f6y \u00f6d\u00fcle lay\u0131k g\u00f6r\u00fcld\u00fc. Afrika, Amerika, Asya, Avrupa ve Orta Do\u011fu\u2019dan gelen 270\u2019in \u00fczerinde ba\u015fvuru aras\u0131ndan se\u00e7ilen k\u00f6yler; k\u00fclt\u00fcrel miras\u0131n korunmas\u0131, do\u011fal kaynaklar\u0131n s\u00fcrd\u00fcr\u00fclebilir kullan\u0131m\u0131 ve yerel kalk\u0131nmaya katk\u0131 gibi kriterler temel al\u0131narak de\u011ferlendirildi.<br \/>\n<br \/>Kazananlar, \u00c7in\u2019in Huzhou kentinde d\u00fczenlenen t\u00f6renle a\u00e7\u0131kland\u0131. Ayr\u0131ca 20 k\u00f6y, gelecekte listeye girebilmek \u00fczere \u2018Y\u00fckseltme Program\u0131\u2019 kapsam\u0131na al\u0131nd\u0131. T\u00fcrkiye\u2019yi temsil eden k\u00f6yler, \u00fclkenin k\u00fclt\u00fcrel \u00e7e\u015fitlili\u011fini ve s\u00fcrd\u00fcr\u00fclebilir turizm vizyonunu bir kez daha uluslararas\u0131 platforma ta\u015f\u0131d\u0131.<br \/>\n<br \/>Mu\u011fla\u2019n\u0131n Ula il\u00e7esine ba\u011fl\u0131 Akyaka Mahallesi, \u00e7evre dostu mimarisi ve do\u011fal dokusuyla Anadolu\u2019nun sahip oldu\u011fu k\u00fclt\u00fcrel zenginli\u011fin ve turizmde s\u00fcrd\u00fcr\u00fclebilir yakla\u015f\u0131m\u0131n g\u00fc\u00e7l\u00fc birer temsilcisi olarak de\u011ferlendirildi.<br \/>\n<br \/>Yeni listeyle birlikte, BM Turizm \u00d6rg\u00fct\u00fc\u2019n\u00fcn olu\u015fturdu\u011fu \u2019En \u0130yi Turizm K\u00f6yleri A\u011f\u0131na\u2019 kat\u0131lan k\u00f6y say\u0131s\u0131 319\u2019a ula\u015ft\u0131. Bu a\u011f, k\u0131rsal destinasyonlar aras\u0131nda deneyim payla\u015f\u0131m\u0131n\u0131 te\u015fvik etmek, iyi uygulamalar\u0131 yayg\u0131nla\u015ft\u0131rmak ve s\u00fcrd\u00fcr\u00fclebilir kalk\u0131nma alan\u0131nda i\u015f birli\u011fi sa\u011flamak amac\u0131yla olu\u015fturuldu.<br \/>\n<br \/>Akyaka\u2019n\u0131n Birle\u015fmi\u015f Milletler Turizm \u00d6rg\u00fct\u00fc taraf\u0131ndan en iyi turizm k\u00f6y\u00fc unvan\u0131n\u0131 elde etmesinden dolay\u0131 gurur ve memnuniyet duydu\u011funu belirten Mu\u011fla Valisi Dr. \u0130dris Akb\u0131y\u0131k, Akyaka\u2019n\u0131n do\u011fas\u0131n\u0131, mimarisini, k\u00fclt\u00fcr\u00fcn\u00fc ve ya\u015fam bi\u00e7imini koruyarak kalk\u0131nmay\u0131 ba\u015farabilen, do\u011fa ile insan\u0131n uyum i\u00e7inde ya\u015fad\u0131\u011f\u0131 nadir yerle\u015fimlerden oldu\u011funu belirterek Bu \u00f6d\u00fcl, Mu\u011fla\u2019n\u0131n yaln\u0131zca deniz, kum ve g\u00fcne\u015ften ibaret olmad\u0131\u011f\u0131n\u0131; ayn\u0131 zamanda k\u00fclt\u00fcr, do\u011fa, ekoloji ve yerel de\u011ferler a\u00e7\u0131s\u0131ndan da d\u00fcnya \u00e7ap\u0131nda bir marka oldu\u011funu bir kez daha g\u00f6stermi\u015ftir&#8221; dedi.<br \/>\n<br \/>Bu ba\u015far\u0131y\u0131, daha g\u00fc\u00e7l\u00fc bir s\u00fcrd\u00fcr\u00fclebilir turizm vizyonunun ba\u015flang\u0131c\u0131 olarak g\u00f6rd\u00fc\u011f\u00fcn\u00fc s\u00f6yleyen Vali Dr. \u0130dris Akb\u0131y\u0131k, &#8220;Do\u011fay\u0131 koruyarak kalk\u0131nman\u0131n, yerel de\u011ferleri ya\u015fatarak d\u00fcnyaya a\u00e7\u0131lman\u0131n m\u00fcmk\u00fcn oldu\u011funu bir kez daha g\u00f6stermi\u015f olduk. Bu ba\u015far\u0131n\u0131n t\u00fcm il\u00e7elerimize ilham kayna\u011f\u0131 olmas\u0131 temennisiyle, Akyaka\u2019n\u0131n bu noktaya gelmesinde eme\u011fi ge\u00e7en t\u00fcm kurumlar\u0131m\u0131za, yerel y\u00f6neticilerimize, sivil toplum kurulu\u015flar\u0131m\u0131za ve en \u00f6nemlisi misafirperver Akyakal\u0131 hem\u015fehrilerimize te\u015fekk\u00fcr ediyorum&#8221; ifadelerini kulland\u0131.<br \/><\/p>\n","protected":false},"excerpt":{"rendered":"<p>Birle\u015fmi\u015f Milletler Turizm \u00d6rg\u00fct\u00fc\u2019n\u00fcn 2025 \u2018En \u0130yi Turizm K\u00f6yleri\u2019 listesinde T\u00fcrkiye\u2019den d\u00f6rt k\u00f6y yer ald\u0131. Mu\u011fla\u2019n\u0131n \u2019Sakin Kent\u2019 unvanl\u0131 Akyaka Mahallesi, do\u011fal g\u00fczellikleri ve \u00e7evre dostu mimarisiyle d\u00fcnyaya \u00f6rnek oldu. Be\u015finci kez ger\u00e7ekle\u015ftirilen programda, 29 \u00fclkeden 52 k\u00f6y \u00f6d\u00fcle lay\u0131k g\u00f6r\u00fcld\u00fc. Afrika, Amerika, Asya, Avrupa ve Orta Do\u011fu\u2019dan gelen 270\u2019in \u00fczerinde ba\u015fvuru aras\u0131ndan se\u00e7ilen k\u00f6yler;&#8230;<\/p>\n","protected":false},"author":1,"featured_media":62238,"comment_status":"open","ping_status":"open","sticky":false,"template":"","format":"standard","meta":{"_crdt_document":"","footnotes":""},"categories":[1],"tags":[],"class_list":["post-62237","post","type-post","status-publish","format-standard","has-post-thumbnail","hentry","category-guncel"],"_links":{"self":[{"href":"https:\/\/www.egemtv.com\/index.php?rest_route=\/wp\/v2\/posts\/62237","targetHints":{"allow":["GET"]}}],"collection":[{"href":"https:\/\/www.egemtv.com\/index.php?rest_route=\/wp\/v2\/posts"}],"about":[{"href":"https:\/\/www.egemtv.com\/index.php?rest_route=\/wp\/v2\/types\/post"}],"author":[{"embeddable":true,"href":"https:\/\/www.egemtv.com\/index.php?rest_route=\/wp\/v2\/users\/1"}],"replies":[{"embeddable":true,"href":"https:\/\/www.egemtv.com\/index.php?rest_route=%2Fwp%2Fv2%2Fcomments&post=62237"}],"version-history":[{"count":1,"href":"https:\/\/www.egemtv.com\/index.php?rest_route=\/wp\/v2\/posts\/62237\/revisions"}],"predecessor-version":[{"id":62239,"href":"https:\/\/www.egemtv.com\/index.php?rest_route=\/wp\/v2\/posts\/62237\/revisions\/62239"}],"wp:featuredmedia":[{"embeddable":true,"href":"https:\/\/www.egemtv.com\/index.php?rest_route=\/wp\/v2\/media\/62238"}],"wp:attachment":[{"href":"https:\/\/www.egemtv.com\/index.php?rest_route=%2Fwp%2Fv2%2Fmedia&parent=62237"}],"wp:term":[{"taxonomy":"category","embeddable":true,"href":"https:\/\/www.egemtv.com\/index.php?rest_route=%2Fwp%2Fv2%2Fcategories&post=62237"},{"taxonomy":"post_tag","embeddable":true,"href":"https:\/\/www.egemtv.com\/index.php?rest_route=%2Fwp%2Fv2%2Ftags&post=62237"}],"curies":[{"name":"wp","href":"https:\/\/api.w.org\/{rel}","templated":true}]}}