{"id":62234,"date":"2025-10-18T14:16:13","date_gmt":"2025-10-18T11:16:13","guid":{"rendered":"https:\/\/www.egemtv.com\/?p=62234"},"modified":"2025-10-18T14:16:15","modified_gmt":"2025-10-18T11:16:15","slug":"eskiden-barbunya-uretim-merkezi-olan-ovacik-yaylalari-cilege-dondu","status":"publish","type":"post","link":"https:\/\/www.egemtv.com\/?p=62234","title":{"rendered":"Eskiden barbunya \u00fcretim merkezi olan Ovac\u0131k yaylalar\u0131 \u00e7ile\u011fe d\u00f6nd\u00fc"},"content":{"rendered":"<p>T\u00fcrkiye\u2019de en fazla \u00e7ilek \u00fcretiminin yap\u0131ld\u0131\u011f\u0131 illerin ba\u015f\u0131nda gelen Ayd\u0131n ile \u0130zmir aras\u0131nda kalan \u00d6demi\u015f\u2019e ba\u011fl\u0131 Ovac\u0131k Yaylas\u0131\u2019nda \u00fcreticiler barbunyadan \u00e7ile\u011fe y\u00f6neldi. B\u00f6lgeden yeti\u015fen lezzetli \u00e7ilekler art\u0131k \u0130spanya\u2019ya kadar ihra\u00e7 ediliyor.<\/p>\n<p>Bir zamanlar barbunya \u00fcretimiyle tan\u0131nan Ovac\u0131k Yaylas\u0131, son y\u0131llarda \u00e7ilek \u00fcretimiyle ad\u0131n\u0131 duyuruyor. Ayd\u0131n ve \u0130zmir\u2019in verimli topraklar\u0131nda yeti\u015fen \u00e7ilekler art\u0131k yaln\u0131zca T\u00fcrkiye\u2019nin d\u00f6rt bir yan\u0131na de\u011fil, \u0130spanya\u2019ya kadar uzanan bir yolculu\u011fa \u00e7\u0131k\u0131yor. Ovac\u0131k Yaylas\u0131\u2019nda \u00e7ilek \u00fcretimi yapan Mustafa G\u00f6ven, \u00e7ile\u011fin b\u00f6lge \u00e7ift\u00e7isine \u00f6nemli bir gelir kayna\u011f\u0131 sa\u011flad\u0131\u011f\u0131n\u0131 belirterek, &#8220;\u00c7ilek gelir olarak daha iyi getirisi daha g\u00fczel. Bu y\u0131l ortalama 100\u2013120 TL civar\u0131nda al\u0131nd\u0131. Bir d\u00f6n\u00fcmden ortalama 1,5 ton, serada ise 3 ton verim al\u0131nabiliyor. Eksi 3 dereceye kadar dayan\u0131kl\u0131 bir \u00fcr\u00fcn&#8221; dedi.<\/p>\n<p>G\u00f6ven, \u00fcrettikleri \u00e7ileklerin Bodrum, Fethiye, Marmaris, Giresun ve hatta \u0130spanya\u2019ya kadar ula\u015ft\u0131\u011f\u0131n\u0131 ifade ederek, &#8220;So\u011fuk hava ara\u00e7lar\u0131yla ta\u015f\u0131nan \u00e7ilekler manav ve hallere de veriliyor. Mu\u011fla b\u00f6lgesinde daha \u00e7ok otellere g\u00f6nderiyoruz. Pazar sorunumuz yok, aksine talep \u00e7ok fazla. Ancak bu y\u0131l rekolte d\u00fc\u015f\u00fckl\u00fc\u011f\u00fc ya\u015fand\u0131&#8221; diye konu\u015ftu.<\/p>\n<p>Yaylada \u00fcretimin May\u0131s ay\u0131nda ba\u015flad\u0131\u011f\u0131n\u0131 ve Kas\u0131m\u2019a kadar s\u00fcrd\u00fc\u011f\u00fcn\u00fc aktaran G\u00f6ven, &#8220;Kas\u0131m\u2019dan sonra ovada k\u0131\u015f \u00e7ile\u011fi ba\u015flar, o da Haziran\u2019a kadar devam eder. \u00d6zellikle yaz aylar\u0131nda talep art\u0131yor, \u00e7ilek yeti\u015ftirmekte zorland\u0131\u011f\u0131m\u0131z d\u00f6nemler oluyor&#8221; dedi.<br \/><\/p>\n","protected":false},"excerpt":{"rendered":"<p>T\u00fcrkiye\u2019de en fazla \u00e7ilek \u00fcretiminin yap\u0131ld\u0131\u011f\u0131 illerin ba\u015f\u0131nda gelen Ayd\u0131n ile \u0130zmir aras\u0131nda kalan \u00d6demi\u015f\u2019e ba\u011fl\u0131 Ovac\u0131k Yaylas\u0131\u2019nda \u00fcreticiler barbunyadan \u00e7ile\u011fe y\u00f6neldi. B\u00f6lgeden yeti\u015fen lezzetli \u00e7ilekler art\u0131k \u0130spanya\u2019ya kadar ihra\u00e7 ediliyor. Bir zamanlar barbunya \u00fcretimiyle tan\u0131nan Ovac\u0131k Yaylas\u0131, son y\u0131llarda \u00e7ilek \u00fcretimiyle ad\u0131n\u0131 duyuruyor. Ayd\u0131n ve \u0130zmir\u2019in verimli topraklar\u0131nda yeti\u015fen \u00e7ilekler art\u0131k yaln\u0131zca T\u00fcrkiye\u2019nin d\u00f6rt&#8230;<\/p>\n","protected":false},"author":1,"featured_media":62235,"comment_status":"open","ping_status":"open","sticky":false,"template":"","format":"standard","meta":{"_crdt_document":"","footnotes":""},"categories":[1],"tags":[],"class_list":["post-62234","post","type-post","status-publish","format-standard","has-post-thumbnail","hentry","category-guncel"],"_links":{"self":[{"href":"https:\/\/www.egemtv.com\/index.php?rest_route=\/wp\/v2\/posts\/62234","targetHints":{"allow":["GET"]}}],"collection":[{"href":"https:\/\/www.egemtv.com\/index.php?rest_route=\/wp\/v2\/posts"}],"about":[{"href":"https:\/\/www.egemtv.com\/index.php?rest_route=\/wp\/v2\/types\/post"}],"author":[{"embeddable":true,"href":"https:\/\/www.egemtv.com\/index.php?rest_route=\/wp\/v2\/users\/1"}],"replies":[{"embeddable":true,"href":"https:\/\/www.egemtv.com\/index.php?rest_route=%2Fwp%2Fv2%2Fcomments&post=62234"}],"version-history":[{"count":1,"href":"https:\/\/www.egemtv.com\/index.php?rest_route=\/wp\/v2\/posts\/62234\/revisions"}],"predecessor-version":[{"id":62236,"href":"https:\/\/www.egemtv.com\/index.php?rest_route=\/wp\/v2\/posts\/62234\/revisions\/62236"}],"wp:featuredmedia":[{"embeddable":true,"href":"https:\/\/www.egemtv.com\/index.php?rest_route=\/wp\/v2\/media\/62235"}],"wp:attachment":[{"href":"https:\/\/www.egemtv.com\/index.php?rest_route=%2Fwp%2Fv2%2Fmedia&parent=62234"}],"wp:term":[{"taxonomy":"category","embeddable":true,"href":"https:\/\/www.egemtv.com\/index.php?rest_route=%2Fwp%2Fv2%2Fcategories&post=62234"},{"taxonomy":"post_tag","embeddable":true,"href":"https:\/\/www.egemtv.com\/index.php?rest_route=%2Fwp%2Fv2%2Ftags&post=62234"}],"curies":[{"name":"wp","href":"https:\/\/api.w.org\/{rel}","templated":true}]}}