{"id":62231,"date":"2025-10-18T14:16:12","date_gmt":"2025-10-18T11:16:12","guid":{"rendered":"https:\/\/www.egemtv.com\/?p=62231"},"modified":"2025-10-18T14:16:13","modified_gmt":"2025-10-18T11:16:13","slug":"selahattin-polat-insallah-onumuzdeki-yil-yine-super-ligde-olacagiz","status":"publish","type":"post","link":"https:\/\/www.egemtv.com\/?p=62231","title":{"rendered":"Selahattin Polat: &#8220;\u0130n\u015fallah \u00f6n\u00fcm\u00fczdeki y\u0131l yine S\u00fcper Lig\u2019de olaca\u011f\u0131z&#8221;"},"content":{"rendered":"<p>Bodrum FK Asba\u015fkan\u0131 Selahattin Polat, Trendyol S\u00fcper Lig i\u00e7in futbolcular\u0131n ciddi bir \u015fekilde \u00e7al\u0131\u015ft\u0131\u011f\u0131n\u0131 s\u00f6yleyerek, &#8220;\u0130n\u015fallah \u00f6n\u00fcm\u00fczdeki y\u0131l yine S\u00fcper Lig\u2019de olaca\u011f\u0131z. Hedefimiz \u015fampiyonluk&#8221; dedi.<br \/>\n<br \/>Trendyol 1. Lig\u2019in lideri Bodrum FK, 10. haftada yar\u0131n saat 19.00\u2019da Esenler Erokspor\u2019a konuk olacak. Ligde zirvedeki yerini korumak isteyen ye\u015fil-beyazl\u0131 ekip, haz\u0131rl\u0131klar\u0131n\u0131 Teknik Direkt\u00f6r Burhan E\u015fer y\u00f6netiminde Yal\u0131\u00e7iftlik \u0130smail Alt\u0131nda\u011f Tesisleri\u2019nde s\u00fcrd\u00fcrd\u00fc. Antrenmanlarda futbolcular\u0131n h\u0131rsl\u0131 ve istekli g\u00f6r\u00fcnt\u00fcs\u00fc dikkat \u00e7ekerken, Bodrum FK Asba\u015fkan\u0131 Selahattin Polat da \u00e7al\u0131\u015fmalar\u0131 yerinde takip ederek tak\u0131ma moral verdi. S\u00fcper Lig hedeflerini s\u00fcrd\u00fcrd\u00fcklerini belirten Polat, &#8220;S\u00fcper Lig\u2019den d\u00fc\u015ft\u00fckten sonra oyuncular\u0131m\u0131z daha h\u0131rsl\u0131 ve azimli bir \u015fekilde m\u00fccadele etmeye ba\u015flad\u0131. Biz sadece bir d\u00f6nemlik d\u00fc\u015ft\u00fck, \u00f6n\u00fcm\u00fczdeki sene in\u015fallah ayn\u0131 noktaday\u0131z. Oyuncular\u0131m\u0131z \u00e7ok ba\u015far\u0131l\u0131 sonu\u00e7lar elde ediyor. \u00d6n\u00fcm\u00fczdeki 3 ma\u00e7 k\u0131r\u0131lma noktalar\u0131m\u0131z. Erok ma\u00e7\u0131nda in\u015fallah bunu ba\u015far\u0131p, yolumuza devam edece\u011fiz. S\u00fcper Lig hedefi i\u00e7in oyuncular\u0131m\u0131z ciddi bir \u015fekilde \u00e7al\u0131\u015f\u0131yor. \u0130n\u015fallah \u00f6n\u00fcm\u00fczdeki y\u0131l yine S\u00fcper Lig\u2019de olaca\u011f\u0131z. Hedefimiz \u015fampiyonluk&#8221; dedi.<\/p>\n<p>Burhan E\u015fer: &#8220;Ligde s\u00fcrpriz sonu\u00e7lar olabiliyor&#8221;<br \/>\n<br \/>Kar\u015f\u0131la\u015fma \u00f6ncesi de\u011ferlendirmede bulunan Bodrum FK Teknik Direkt\u00f6r\u00fc Burhan E\u015fer ise, &#8220;Milli tak\u0131ma giden oyuncular\u0131m\u0131z d\u00f6nd\u00fc. Yo\u011fun bir \u015fekilde \u00e7al\u0131\u015f\u0131yoruz. Rakibimiz Erok. \u0130zlenmesi keyifli bir ma\u00e7 olaca\u011f\u0131n\u0131 d\u00fc\u015f\u00fcn\u00fcyorum. Ma\u00e7 ma\u00e7 bak\u0131yoruz, b\u00fct\u00fcn ma\u00e7lar zor. Bulundu\u011fumuz ligde s\u00fcrpriz sonu\u00e7lar \u00e7ok oluyor. Ligin dengelerinin her an de\u011fi\u015febilece\u011fi ve her ma\u00e7\u0131n farkl\u0131 hikayesi olan bir periyot bu. \u0130yi konsantre olan fark\u0131n\u0131 ortaya koyuyor. Biz de buna g\u00f6re haz\u0131rl\u0131\u011f\u0131m\u0131z\u0131 yap\u0131yoruz&#8221; ifadelerini kulland\u0131.<br \/><\/p>\n","protected":false},"excerpt":{"rendered":"<p>Bodrum FK Asba\u015fkan\u0131 Selahattin Polat, Trendyol S\u00fcper Lig i\u00e7in futbolcular\u0131n ciddi bir \u015fekilde \u00e7al\u0131\u015ft\u0131\u011f\u0131n\u0131 s\u00f6yleyerek, &#8220;\u0130n\u015fallah \u00f6n\u00fcm\u00fczdeki y\u0131l yine S\u00fcper Lig\u2019de olaca\u011f\u0131z. Hedefimiz \u015fampiyonluk&#8221; dedi. Trendyol 1. Lig\u2019in lideri Bodrum FK, 10. haftada yar\u0131n saat 19.00\u2019da Esenler Erokspor\u2019a konuk olacak. Ligde zirvedeki yerini korumak isteyen ye\u015fil-beyazl\u0131 ekip, haz\u0131rl\u0131klar\u0131n\u0131 Teknik Direkt\u00f6r Burhan E\u015fer y\u00f6netiminde Yal\u0131\u00e7iftlik \u0130smail&#8230;<\/p>\n","protected":false},"author":1,"featured_media":62232,"comment_status":"open","ping_status":"open","sticky":false,"template":"","format":"standard","meta":{"_crdt_document":"","footnotes":""},"categories":[4],"tags":[],"class_list":["post-62231","post","type-post","status-publish","format-standard","has-post-thumbnail","hentry","category-spor"],"_links":{"self":[{"href":"https:\/\/www.egemtv.com\/index.php?rest_route=\/wp\/v2\/posts\/62231","targetHints":{"allow":["GET"]}}],"collection":[{"href":"https:\/\/www.egemtv.com\/index.php?rest_route=\/wp\/v2\/posts"}],"about":[{"href":"https:\/\/www.egemtv.com\/index.php?rest_route=\/wp\/v2\/types\/post"}],"author":[{"embeddable":true,"href":"https:\/\/www.egemtv.com\/index.php?rest_route=\/wp\/v2\/users\/1"}],"replies":[{"embeddable":true,"href":"https:\/\/www.egemtv.com\/index.php?rest_route=%2Fwp%2Fv2%2Fcomments&post=62231"}],"version-history":[{"count":1,"href":"https:\/\/www.egemtv.com\/index.php?rest_route=\/wp\/v2\/posts\/62231\/revisions"}],"predecessor-version":[{"id":62233,"href":"https:\/\/www.egemtv.com\/index.php?rest_route=\/wp\/v2\/posts\/62231\/revisions\/62233"}],"wp:featuredmedia":[{"embeddable":true,"href":"https:\/\/www.egemtv.com\/index.php?rest_route=\/wp\/v2\/media\/62232"}],"wp:attachment":[{"href":"https:\/\/www.egemtv.com\/index.php?rest_route=%2Fwp%2Fv2%2Fmedia&parent=62231"}],"wp:term":[{"taxonomy":"category","embeddable":true,"href":"https:\/\/www.egemtv.com\/index.php?rest_route=%2Fwp%2Fv2%2Fcategories&post=62231"},{"taxonomy":"post_tag","embeddable":true,"href":"https:\/\/www.egemtv.com\/index.php?rest_route=%2Fwp%2Fv2%2Ftags&post=62231"}],"curies":[{"name":"wp","href":"https:\/\/api.w.org\/{rel}","templated":true}]}}