{"id":62228,"date":"2025-10-18T13:55:07","date_gmt":"2025-10-18T10:55:07","guid":{"rendered":"https:\/\/www.egemtv.com\/?p=62228"},"modified":"2025-10-18T13:55:08","modified_gmt":"2025-10-18T10:55:08","slug":"manisa-amator-kulupler-birliginden-dayanisma-bulusmasi","status":"publish","type":"post","link":"https:\/\/www.egemtv.com\/?p=62228","title":{"rendered":"Manisa Amat\u00f6r Kul\u00fcpler Birli\u011fi\u2019nden dayan\u0131\u015fma bulu\u015fmas\u0131"},"content":{"rendered":"<p>MAN\u0130SA (\u0130HA) \u2013 Manisa Amat\u00f6r Kul\u00fcpler Birli\u011fi, amat\u00f6r spor kul\u00fcplerinin ya\u015fad\u0131\u011f\u0131 sorunlar\u0131 de\u011ferlendirmek ve dayan\u0131\u015fma mesaj\u0131 vermek amac\u0131yla bir program d\u00fczenledi.<br \/>\n<br \/>Manisa Amat\u00f6r Kul\u00fcpler Birli\u011fi Ba\u015fkan\u0131 Mehmet Salih Pekta\u015f\u2019\u0131n ev sahipli\u011finde ger\u00e7ekle\u015ftirilen bulu\u015fmaya, AK Parti MKYK \u00dcyesi ve Manisa Milletvekili Ahmet M\u00fccahit Ar\u0131n\u00e7, Manisa Gen\u00e7lik ve Spor \u0130l M\u00fcd\u00fcr\u00fc Yunus \u00d6zt\u00fcrk, Manisa Amat\u00f6r Spor Kul\u00fcpleri Federasyonu Ba\u015fkan\u0131 Erol Timur, TFF Manisa \u0130l Temsilcisi Levent Kepenekli ve \u00e7ok say\u0131da kul\u00fcp temsilcisi kat\u0131ld\u0131. Toplant\u0131da konu\u015fan Manisa Amat\u00f6r Kul\u00fcpler Birli\u011fi Ba\u015fkan\u0131 Mehmet Salih Pekta\u015f, birli\u011fin kurulu\u015f amac\u0131n\u0131n amat\u00f6r spor kul\u00fcplerinin tesis, antrenman ve maddi sorunlar\u0131na \u00e7\u00f6z\u00fcm bulmak oldu\u011funu s\u00f6yledi.<br \/>\n<br \/>Pekta\u015f, &#8220;Amac\u0131m\u0131z Manisa\u2019daki amat\u00f6r kul\u00fcplerimizin sorunlar\u0131n\u0131 gidermek, birlik ve beraberli\u011fimizi g\u00fc\u00e7lendirmektir. \u0130l M\u00fcd\u00fcr\u00fcm\u00fcz Yunus \u00d6zt\u00fcrk ve Vekilimiz M\u00fccahit Ar\u0131n\u00e7 bizlere b\u00fcy\u00fck destek veriyor. Amat\u00f6rden daha fazla futbolcu yeti\u015ftirip profesyonel tak\u0131mlar\u0131m\u0131za katk\u0131 sa\u011flamak istiyoruz&#8221; dedi.<br \/>\n<br \/>Manisa\u2019dan yeti\u015fen Caner Erkin ve Emrecan Bulut gibi futbolcular\u0131n altyap\u0131ya verilen eme\u011fin bir sonucu oldu\u011funu belirten Pekta\u015f, &#8220;Altyap\u0131lara deste\u011fimiz artarak devam edecek. Birlik ve beraberlik i\u00e7inde hareket etti\u011fimiz s\u00fcrece Manisa futbolunu hak etti\u011fi yerlere ta\u015f\u0131yaca\u011f\u0131z&#8221; diye konu\u015ftu.<\/p>\n<p>Ar\u0131n\u00e7: &#8220;Manisa\u2019y\u0131 spor ve k\u00fclt\u00fcrle marka \u015fehir yapaca\u011f\u0131z&#8221;<br \/>\n<br \/>AK Parti Manisa Milletvekili Ahmet M\u00fccahit Ar\u0131n\u00e7 ise konu\u015fmas\u0131nda \u015fehir kimli\u011fi ve sporun birle\u015ftirici g\u00fcc\u00fcne dikkat \u00e7ekti. Ar\u0131n\u00e7, &#8220;Her alanda oldu\u011fu gibi sporda da biz Manisal\u0131lar olarak bu \u015fehrin sorumlulu\u011funu ta\u015f\u0131yoruz. Manisa isminden \u00e7ok daha b\u00fcy\u00fck bir potansiyele sahip bir \u015fehir. Ancak bu potansiyeli d\u0131\u015far\u0131ya da yans\u0131tarak, \u2018biz bir Manisa\u2019y\u0131z\u2019 diyebilmemiz gerekiyor. K\u00fclt\u00fcr, turizm ve spor birbirini destekleyen alanlard\u0131r. Bu alanlarda birlikte hareket ederek Manisa\u2019y\u0131 marka \u015fehir haline getirece\u011fiz&#8221; dedi.<br \/>\n<br \/>Ge\u00e7ti\u011fimiz may\u0131s ay\u0131nda ger\u00e7ekle\u015ftirilen K\u00fclt\u00fcr Yolu Festivali\u2019nin Manisa\u2019n\u0131n sosyal ve k\u00fclt\u00fcrel hayat\u0131na b\u00fcy\u00fck katk\u0131 sa\u011flad\u0131\u011f\u0131n\u0131 hat\u0131rlatan Ar\u0131n\u00e7, &#8220;25 y\u0131ld\u0131r kapal\u0131 olan Manisa M\u00fczesi\u2019ni yeniden a\u00e7t\u0131k, Sardes Antik Kenti\u2019nde gece m\u00fczecili\u011fini ba\u015flatt\u0131k. Spor ve k\u00fclt\u00fcr bu t\u00fcr projelerle bir araya geldi\u011finde \u015fehir daha da geli\u015fir&#8221; ifadelerini kulland\u0131.<br \/><\/p>\n","protected":false},"excerpt":{"rendered":"<p>MAN\u0130SA (\u0130HA) \u2013 Manisa Amat\u00f6r Kul\u00fcpler Birli\u011fi, amat\u00f6r spor kul\u00fcplerinin ya\u015fad\u0131\u011f\u0131 sorunlar\u0131 de\u011ferlendirmek ve dayan\u0131\u015fma mesaj\u0131 vermek amac\u0131yla bir program d\u00fczenledi. Manisa Amat\u00f6r Kul\u00fcpler Birli\u011fi Ba\u015fkan\u0131 Mehmet Salih Pekta\u015f\u2019\u0131n ev sahipli\u011finde ger\u00e7ekle\u015ftirilen bulu\u015fmaya, AK Parti MKYK \u00dcyesi ve Manisa Milletvekili Ahmet M\u00fccahit Ar\u0131n\u00e7, Manisa Gen\u00e7lik ve Spor \u0130l M\u00fcd\u00fcr\u00fc Yunus \u00d6zt\u00fcrk, Manisa Amat\u00f6r Spor Kul\u00fcpleri&#8230;<\/p>\n","protected":false},"author":1,"featured_media":62229,"comment_status":"open","ping_status":"open","sticky":false,"template":"","format":"standard","meta":{"_crdt_document":"","footnotes":""},"categories":[4],"tags":[],"class_list":["post-62228","post","type-post","status-publish","format-standard","has-post-thumbnail","hentry","category-spor"],"_links":{"self":[{"href":"https:\/\/www.egemtv.com\/index.php?rest_route=\/wp\/v2\/posts\/62228","targetHints":{"allow":["GET"]}}],"collection":[{"href":"https:\/\/www.egemtv.com\/index.php?rest_route=\/wp\/v2\/posts"}],"about":[{"href":"https:\/\/www.egemtv.com\/index.php?rest_route=\/wp\/v2\/types\/post"}],"author":[{"embeddable":true,"href":"https:\/\/www.egemtv.com\/index.php?rest_route=\/wp\/v2\/users\/1"}],"replies":[{"embeddable":true,"href":"https:\/\/www.egemtv.com\/index.php?rest_route=%2Fwp%2Fv2%2Fcomments&post=62228"}],"version-history":[{"count":1,"href":"https:\/\/www.egemtv.com\/index.php?rest_route=\/wp\/v2\/posts\/62228\/revisions"}],"predecessor-version":[{"id":62230,"href":"https:\/\/www.egemtv.com\/index.php?rest_route=\/wp\/v2\/posts\/62228\/revisions\/62230"}],"wp:featuredmedia":[{"embeddable":true,"href":"https:\/\/www.egemtv.com\/index.php?rest_route=\/wp\/v2\/media\/62229"}],"wp:attachment":[{"href":"https:\/\/www.egemtv.com\/index.php?rest_route=%2Fwp%2Fv2%2Fmedia&parent=62228"}],"wp:term":[{"taxonomy":"category","embeddable":true,"href":"https:\/\/www.egemtv.com\/index.php?rest_route=%2Fwp%2Fv2%2Fcategories&post=62228"},{"taxonomy":"post_tag","embeddable":true,"href":"https:\/\/www.egemtv.com\/index.php?rest_route=%2Fwp%2Fv2%2Ftags&post=62228"}],"curies":[{"name":"wp","href":"https:\/\/api.w.org\/{rel}","templated":true}]}}