{"id":62222,"date":"2025-10-18T13:55:05","date_gmt":"2025-10-18T10:55:05","guid":{"rendered":"https:\/\/www.egemtv.com\/?p=62222"},"modified":"2025-10-18T13:55:06","modified_gmt":"2025-10-18T10:55:06","slug":"bergamadaki-cop-tesisi-4-kat-buyutuluyor","status":"publish","type":"post","link":"https:\/\/www.egemtv.com\/?p=62222","title":{"rendered":"Bergama\u2019daki \u00e7\u00f6p tesisi 4 kat b\u00fcy\u00fct\u00fcl\u00fcyor"},"content":{"rendered":"<p>\u0130zmir B\u00fcy\u00fck\u015fehir Belediyesi, Bergama\u2019da aylard\u0131r s\u00fcren halk tepkisine ra\u011fmen \u00e7\u00f6p tesisi karar\u0131ndan geri ad\u0131m atmad\u0131. Belediye Meclisi\u2019nde al\u0131nan son kararla, il\u00e7ede faaliyet g\u00f6steren Entegre Kat\u0131 At\u0131k Y\u00f6netim Tesisi\u2019nin kapasitesi 550 tondan 2 bin tona \u00e7\u0131kar\u0131l\u0131yor.<br \/>\n<br \/>Bergama\u2019da aylard\u0131r s\u00fcren halk tepkisine ra\u011fmen \u0130zmir B\u00fcy\u00fck\u015fehir Belediyesi \u00e7\u00f6p tesisi karar\u0131ndan geri ad\u0131m atmad\u0131. Belediye Meclisi\u2019nde al\u0131nan son kararla, il\u00e7ede faaliyet g\u00f6steren Entegre Kat\u0131 At\u0131k Y\u00f6netim Tesisi\u2019nin kapasitesi 550 tondan 2 bin tona \u00e7\u0131kar\u0131l\u0131yor. B\u00f6lge halk\u0131n\u0131n &#8220;\u0130stemiyoruz&#8221; diyerek kar\u015f\u0131 \u00e7\u0131kt\u0131\u011f\u0131 \u00e7\u00f6p tesisine ili\u015fkin tart\u0131\u015fmalar s\u00fcrerken, kapasite art\u0131\u015f\u0131 karar\u0131 kamuoyunda yeni bir tepki dalgas\u0131 olu\u015fturdu. Konuyla ilgili a\u00e7\u0131klamalarda bulunan \u0130zmir B\u00fcy\u00fck\u015fehir Belediyesi Ba\u015fkanvekili Levent Y\u0131ld\u0131r, Harmandal\u0131 D\u00fczenli Depolama Sahas\u0131\u2019nda kademeli azaltmaya gidilece\u011fini belirtti. Y\u0131ld\u0131r, &#8220;Bergama\u2019daki tesisin kapasitesini 2 bin tona \u00e7\u0131karaca\u011f\u0131z. Bunun d\u0131\u015f\u0131nda \u00fc\u00e7 ayr\u0131 b\u00f6lgede daha yeni tesisler kurulacak. B\u00f6ylece g\u00fcnl\u00fck toplam 7 bin 500 ton \u00e7\u00f6p bertaraf edilecek&#8221; dedi.<br \/><\/p>\n","protected":false},"excerpt":{"rendered":"<p>\u0130zmir B\u00fcy\u00fck\u015fehir Belediyesi, Bergama\u2019da aylard\u0131r s\u00fcren halk tepkisine ra\u011fmen \u00e7\u00f6p tesisi karar\u0131ndan geri ad\u0131m atmad\u0131. Belediye Meclisi\u2019nde al\u0131nan son kararla, il\u00e7ede faaliyet g\u00f6steren Entegre Kat\u0131 At\u0131k Y\u00f6netim Tesisi\u2019nin kapasitesi 550 tondan 2 bin tona \u00e7\u0131kar\u0131l\u0131yor. Bergama\u2019da aylard\u0131r s\u00fcren halk tepkisine ra\u011fmen \u0130zmir B\u00fcy\u00fck\u015fehir Belediyesi \u00e7\u00f6p tesisi karar\u0131ndan geri ad\u0131m atmad\u0131. Belediye Meclisi\u2019nde al\u0131nan son kararla,&#8230;<\/p>\n","protected":false},"author":1,"featured_media":62223,"comment_status":"open","ping_status":"open","sticky":false,"template":"","format":"standard","meta":{"_crdt_document":"","footnotes":""},"categories":[1],"tags":[],"class_list":["post-62222","post","type-post","status-publish","format-standard","has-post-thumbnail","hentry","category-guncel"],"_links":{"self":[{"href":"https:\/\/www.egemtv.com\/index.php?rest_route=\/wp\/v2\/posts\/62222","targetHints":{"allow":["GET"]}}],"collection":[{"href":"https:\/\/www.egemtv.com\/index.php?rest_route=\/wp\/v2\/posts"}],"about":[{"href":"https:\/\/www.egemtv.com\/index.php?rest_route=\/wp\/v2\/types\/post"}],"author":[{"embeddable":true,"href":"https:\/\/www.egemtv.com\/index.php?rest_route=\/wp\/v2\/users\/1"}],"replies":[{"embeddable":true,"href":"https:\/\/www.egemtv.com\/index.php?rest_route=%2Fwp%2Fv2%2Fcomments&post=62222"}],"version-history":[{"count":1,"href":"https:\/\/www.egemtv.com\/index.php?rest_route=\/wp\/v2\/posts\/62222\/revisions"}],"predecessor-version":[{"id":62224,"href":"https:\/\/www.egemtv.com\/index.php?rest_route=\/wp\/v2\/posts\/62222\/revisions\/62224"}],"wp:featuredmedia":[{"embeddable":true,"href":"https:\/\/www.egemtv.com\/index.php?rest_route=\/wp\/v2\/media\/62223"}],"wp:attachment":[{"href":"https:\/\/www.egemtv.com\/index.php?rest_route=%2Fwp%2Fv2%2Fmedia&parent=62222"}],"wp:term":[{"taxonomy":"category","embeddable":true,"href":"https:\/\/www.egemtv.com\/index.php?rest_route=%2Fwp%2Fv2%2Fcategories&post=62222"},{"taxonomy":"post_tag","embeddable":true,"href":"https:\/\/www.egemtv.com\/index.php?rest_route=%2Fwp%2Fv2%2Ftags&post=62222"}],"curies":[{"name":"wp","href":"https:\/\/api.w.org\/{rel}","templated":true}]}}