{"id":62219,"date":"2025-10-18T13:35:54","date_gmt":"2025-10-18T10:35:54","guid":{"rendered":"https:\/\/www.egemtv.com\/?p=62219"},"modified":"2025-10-18T13:35:55","modified_gmt":"2025-10-18T10:35:55","slug":"duvara-carpan-ehliyetsiz-surucunun-planini-guvenlik-kamerasi-bozdu","status":"publish","type":"post","link":"https:\/\/www.egemtv.com\/?p=62219","title":{"rendered":"Duvara \u00e7arpan ehliyetsiz s\u00fcr\u00fcc\u00fcn\u00fcn plan\u0131n\u0131 g\u00fcvenlik kameras\u0131 bozdu"},"content":{"rendered":"<p>Denizli\u2019de ehliyetsiz ara\u00e7 kulland\u0131\u011f\u0131 esnada direksiyon hakimiyetini kaybeden s\u00fcr\u00fcc\u00fcn\u00fcn LPG depolama tank\u0131n\u0131n duvar\u0131na \u00e7arpt\u0131. Kaza an\u0131n\u0131n g\u00fcvenlik kameras\u0131na yans\u0131d\u0131\u011f\u0131 kazada, ehliyetsiz s\u00fcr\u00fcc\u00fcn\u00fcn yan\u0131ndaki arkada\u015f\u0131yla yer de\u011fi\u015ftirdi\u011fi belirlendi.<br \/>\n<br \/>Kaza, \u00c7ivril il\u00e7esinde meydana geldi. Edinilen bilgilere g\u00f6re, C.K. (18), idaresindeki 34 AGV 768 plakal\u0131 otomobil ile seyir halindeyken direksiyon hakimiyetini kaybetti. S\u00fcr\u00fcc\u00fcs\u00fcn\u00fcn direksiyon hakimiyetini kaybetti\u011fi otomobil yoldan \u00e7\u0131kt\u0131. Ref\u00fcj\u00fc a\u015fan otomobil bir akaryak\u0131t istasyonunun LPG depolama tank\u0131n\u0131n duvar\u0131na \u00e7arparak durabildi. Kazan\u0131n ard\u0131ndan \u00e7evredekilerin ihbar\u0131 \u00fczerine b\u00f6lgeye polis ve sa\u011fl\u0131k ekipleri sevk edildi. Sa\u011fl\u0131k ekipleri taraf\u0131ndan yap\u0131lan kontrollerde s\u00fcr\u00fcc\u00fc C.K., ve yan\u0131nda bulunan arkada\u015f\u0131 Y.B.\u2019nin yara almadan kazay\u0131 atlatt\u0131\u011f\u0131 belirlendi. \u0130lk ifadelerinde s\u00fcr\u00fcc\u00fcn\u00fcn Y.B., oldu\u011funu belirten iki arkada\u015f\u0131n yalan\u0131 k\u0131sa s\u00fcrede ortaya \u00e7\u0131kt\u0131. G\u00fcvenlik kameralar\u0131n\u0131 inceleyen polis ekipleri s\u00fcr\u00fcc\u00fc C.K.\u2019n\u0131n ehliyetinin olmamas\u0131ndan dolay\u0131 arkada\u015f\u0131yla yer de\u011fi\u015ftirdi\u011fi tespit edildi. \u0130ki arkada\u015fa da para cezas\u0131 uyguland\u0131.<\/p>\n<p>Kaza an\u0131 g\u00fcvenlik kameras\u0131nda<br \/>\n<br \/>Gen\u00e7 s\u00fcr\u00fcc\u00fcn\u00fcn kaza an\u0131 akaryak\u0131t istasyonunun g\u00fcvenlik kameralar\u0131na anbean yans\u0131d\u0131. G\u00f6r\u00fcnt\u00fclerde ani fren atan s\u00fcr\u00fcc\u00fcn\u00fcn hakimiyetini kaybetti\u011fi otomobilin kayarak ref\u00fcj\u00fc a\u015f\u0131yor. Ref\u00fcj\u00fc a\u015fan otomobil LPG dolum tank\u0131n\u0131n duvar\u0131na \u00e7arparak durdu\u011fu g\u00f6r\u00fcl\u00fcyor. Kazan\u0131n ard\u0131ndan ara\u00e7tan inen iki arkada\u015f\u0131n yer de\u011fi\u015ftirmesi ise dikkatlerden ka\u00e7mad\u0131.<br \/><\/p>\n","protected":false},"excerpt":{"rendered":"<p>Denizli\u2019de ehliyetsiz ara\u00e7 kulland\u0131\u011f\u0131 esnada direksiyon hakimiyetini kaybeden s\u00fcr\u00fcc\u00fcn\u00fcn LPG depolama tank\u0131n\u0131n duvar\u0131na \u00e7arpt\u0131. Kaza an\u0131n\u0131n g\u00fcvenlik kameras\u0131na yans\u0131d\u0131\u011f\u0131 kazada, ehliyetsiz s\u00fcr\u00fcc\u00fcn\u00fcn yan\u0131ndaki arkada\u015f\u0131yla yer de\u011fi\u015ftirdi\u011fi belirlendi. Kaza, \u00c7ivril il\u00e7esinde meydana geldi. Edinilen bilgilere g\u00f6re, C.K. (18), idaresindeki 34 AGV 768 plakal\u0131 otomobil ile seyir halindeyken direksiyon hakimiyetini kaybetti. S\u00fcr\u00fcc\u00fcs\u00fcn\u00fcn direksiyon hakimiyetini kaybetti\u011fi otomobil yoldan&#8230;<\/p>\n","protected":false},"author":1,"featured_media":62220,"comment_status":"open","ping_status":"open","sticky":false,"template":"","format":"standard","meta":{"_crdt_document":"","footnotes":""},"categories":[5],"tags":[],"class_list":["post-62219","post","type-post","status-publish","format-standard","has-post-thumbnail","hentry","category-asayis"],"_links":{"self":[{"href":"https:\/\/www.egemtv.com\/index.php?rest_route=\/wp\/v2\/posts\/62219","targetHints":{"allow":["GET"]}}],"collection":[{"href":"https:\/\/www.egemtv.com\/index.php?rest_route=\/wp\/v2\/posts"}],"about":[{"href":"https:\/\/www.egemtv.com\/index.php?rest_route=\/wp\/v2\/types\/post"}],"author":[{"embeddable":true,"href":"https:\/\/www.egemtv.com\/index.php?rest_route=\/wp\/v2\/users\/1"}],"replies":[{"embeddable":true,"href":"https:\/\/www.egemtv.com\/index.php?rest_route=%2Fwp%2Fv2%2Fcomments&post=62219"}],"version-history":[{"count":1,"href":"https:\/\/www.egemtv.com\/index.php?rest_route=\/wp\/v2\/posts\/62219\/revisions"}],"predecessor-version":[{"id":62221,"href":"https:\/\/www.egemtv.com\/index.php?rest_route=\/wp\/v2\/posts\/62219\/revisions\/62221"}],"wp:featuredmedia":[{"embeddable":true,"href":"https:\/\/www.egemtv.com\/index.php?rest_route=\/wp\/v2\/media\/62220"}],"wp:attachment":[{"href":"https:\/\/www.egemtv.com\/index.php?rest_route=%2Fwp%2Fv2%2Fmedia&parent=62219"}],"wp:term":[{"taxonomy":"category","embeddable":true,"href":"https:\/\/www.egemtv.com\/index.php?rest_route=%2Fwp%2Fv2%2Fcategories&post=62219"},{"taxonomy":"post_tag","embeddable":true,"href":"https:\/\/www.egemtv.com\/index.php?rest_route=%2Fwp%2Fv2%2Ftags&post=62219"}],"curies":[{"name":"wp","href":"https:\/\/api.w.org\/{rel}","templated":true}]}}