{"id":62216,"date":"2025-10-18T13:35:53","date_gmt":"2025-10-18T10:35:53","guid":{"rendered":"https:\/\/www.egemtv.com\/?p=62216"},"modified":"2025-10-18T13:35:54","modified_gmt":"2025-10-18T10:35:54","slug":"denizlide-bir-is-yeri-alev-alev-yandi","status":"publish","type":"post","link":"https:\/\/www.egemtv.com\/?p=62216","title":{"rendered":"Denizli\u2019de bir i\u015f yeri alev alev yand\u0131"},"content":{"rendered":"<p>Denizli\u2019nin Merkezefendi il\u00e7esinde faaliyet g\u00f6steren bir i\u015fyeri alev alev yand\u0131.<br \/>\n<br \/>Yang\u0131n, Denizli\u2019nin Merkezefendi il\u00e7esi Zafer Mahallesinde meydana geldi. Edinilen bilgiye g\u00f6re, Zafer Mahallesinde faaliyet g\u00f6steren tekstil fabrikas\u0131nda hen\u00fcz belirlenemeyen sebepten yang\u0131n \u00e7\u0131kt\u0131. Yang\u0131n\u0131 g\u00f6ren vatanda\u015flar\u0131n ihbar\u0131 \u00fczerine b\u00f6lgeye \u00e7ok say\u0131da itfaiye ve polis ekipleri sevk edildi. \u0130tfaiye ekiplerinin alevleri uzun u\u011fra\u015flar sonucu kontrol alt\u0131na ald\u0131. Yang\u0131nda \u00f6len yada yaralanan olmazken tekstil fabrikas\u0131ndaki e\u015fyalar kullan\u0131lamaz hale geldi ve fabrikada b\u00fcy\u00fck hasar olu\u015ftu.<br \/><\/p>\n","protected":false},"excerpt":{"rendered":"<p>Denizli\u2019nin Merkezefendi il\u00e7esinde faaliyet g\u00f6steren bir i\u015fyeri alev alev yand\u0131. Yang\u0131n, Denizli\u2019nin Merkezefendi il\u00e7esi Zafer Mahallesinde meydana geldi. Edinilen bilgiye g\u00f6re, Zafer Mahallesinde faaliyet g\u00f6steren tekstil fabrikas\u0131nda hen\u00fcz belirlenemeyen sebepten yang\u0131n \u00e7\u0131kt\u0131. Yang\u0131n\u0131 g\u00f6ren vatanda\u015flar\u0131n ihbar\u0131 \u00fczerine b\u00f6lgeye \u00e7ok say\u0131da itfaiye ve polis ekipleri sevk edildi. \u0130tfaiye ekiplerinin alevleri uzun u\u011fra\u015flar sonucu kontrol alt\u0131na ald\u0131&#8230;.<\/p>\n","protected":false},"author":1,"featured_media":62217,"comment_status":"open","ping_status":"open","sticky":false,"template":"","format":"standard","meta":{"_crdt_document":"","footnotes":""},"categories":[5],"tags":[],"class_list":["post-62216","post","type-post","status-publish","format-standard","has-post-thumbnail","hentry","category-asayis"],"_links":{"self":[{"href":"https:\/\/www.egemtv.com\/index.php?rest_route=\/wp\/v2\/posts\/62216","targetHints":{"allow":["GET"]}}],"collection":[{"href":"https:\/\/www.egemtv.com\/index.php?rest_route=\/wp\/v2\/posts"}],"about":[{"href":"https:\/\/www.egemtv.com\/index.php?rest_route=\/wp\/v2\/types\/post"}],"author":[{"embeddable":true,"href":"https:\/\/www.egemtv.com\/index.php?rest_route=\/wp\/v2\/users\/1"}],"replies":[{"embeddable":true,"href":"https:\/\/www.egemtv.com\/index.php?rest_route=%2Fwp%2Fv2%2Fcomments&post=62216"}],"version-history":[{"count":1,"href":"https:\/\/www.egemtv.com\/index.php?rest_route=\/wp\/v2\/posts\/62216\/revisions"}],"predecessor-version":[{"id":62218,"href":"https:\/\/www.egemtv.com\/index.php?rest_route=\/wp\/v2\/posts\/62216\/revisions\/62218"}],"wp:featuredmedia":[{"embeddable":true,"href":"https:\/\/www.egemtv.com\/index.php?rest_route=\/wp\/v2\/media\/62217"}],"wp:attachment":[{"href":"https:\/\/www.egemtv.com\/index.php?rest_route=%2Fwp%2Fv2%2Fmedia&parent=62216"}],"wp:term":[{"taxonomy":"category","embeddable":true,"href":"https:\/\/www.egemtv.com\/index.php?rest_route=%2Fwp%2Fv2%2Fcategories&post=62216"},{"taxonomy":"post_tag","embeddable":true,"href":"https:\/\/www.egemtv.com\/index.php?rest_route=%2Fwp%2Fv2%2Ftags&post=62216"}],"curies":[{"name":"wp","href":"https:\/\/api.w.org\/{rel}","templated":true}]}}