{"id":62213,"date":"2025-10-18T13:35:52","date_gmt":"2025-10-18T10:35:52","guid":{"rendered":"https:\/\/www.egemtv.com\/?p=62213"},"modified":"2025-10-18T13:35:53","modified_gmt":"2025-10-18T10:35:53","slug":"ekonomi-kotu-diyen-chpli-baskan-kongreyi-5-yildizli-otelde-yapma-karari-aldi","status":"publish","type":"post","link":"https:\/\/www.egemtv.com\/?p=62213","title":{"rendered":"\u2019Ekonomi k\u00f6t\u00fc\u2019 diyen CHP\u2019li ba\u015fkan kongreyi 5 y\u0131ld\u0131zl\u0131 otelde yapma karar\u0131 ald\u0131"},"content":{"rendered":"<p>Afyonkarahisar CHP \u0130l Ba\u015fkan\u0131 Faruk Duha Erhan\u2019\u0131n her hafta d\u00fczenledi\u011fi bas\u0131n toplant\u0131lar\u0131nda \u2019ekonomi k\u00f6t\u00fc\u2019 diyerek s\u00f6ylemlerde bulunmas\u0131na kar\u015f\u0131n yar\u0131n ger\u00e7ekle\u015ftirilecek olan kongreyi 5 y\u0131ld\u0131zl\u0131 termal otelde yapma karar\u0131 almas\u0131 tart\u0131\u015fmalar\u0131 da beraberinde getirirken, Erhan \u00f6nceki d\u00f6nemlerde kendi \u015firketi \u00fczerinden CHP\u2019li belediyelere kesti\u011fi faturalarla g\u00fcndeme gelmi\u015fti.<br \/>\n<br \/>CHP Afyonkarahisar \u0130l Ba\u015fkanl\u0131\u011f\u0131 39. kongeresi yar\u0131n ger\u00e7ekle\u015ftirilecek. Mevcut Ba\u015fkan Erhan ile eski CHP Merkez \u0130l\u00e7e Ba\u015fkan\u0131 \u00d6mer Aky\u0131ld\u0131z ve Hasan Karadeniz se\u00e7imde yar\u0131\u015facak. Se\u00e7imde 371 delegenin oy kullanmas\u0131 bekleniyor.<br \/>\n<br \/>Se\u00e7im karar\u0131n\u0131n al\u0131nmas\u0131n\u0131n ard\u0131ndan kongrenin kentteki 5 y\u0131ld\u0131zl\u0131 Wyndham Thermal &amp; Spa Hotel de yap\u0131lacak olmas\u0131 ise tart\u0131\u015fmalar\u0131 da beraberinde getirdi. \u00d6zellikle mevcut Ba\u015fkan Erhan ve y\u00f6netiminin haftal\u0131k d\u00fczenli olarak ger\u00e7ekle\u015ftirdi\u011fi bas\u0131n toplant\u0131lar\u0131nda \u00fclke ekonomisinin k\u00f6t\u00fc oldu\u011funa dair s\u00f6ylemlerde bulunmas\u0131na ra\u011fmen 5 y\u0131ld\u0131zl\u0131 termal bir otelde kongre karar\u0131 almas\u0131 ise tart\u0131\u015fmalara neden oldu.<br \/>\n<br \/>\u00d6te yandan, mevcut Ba\u015fkan Erhan ge\u00e7ti\u011fimiz aylarda 31 Mart yerel se\u00e7imlerinin ard\u0131ndan CHP\u2019li belediyelere tar\u0131m alan\u0131nda faaliyet g\u00f6steren \u015firketi \u00fczerinden kesti\u011fi faturalarla g\u00fcndeme gelmi\u015fti.<br \/><\/p>\n","protected":false},"excerpt":{"rendered":"<p>Afyonkarahisar CHP \u0130l Ba\u015fkan\u0131 Faruk Duha Erhan\u2019\u0131n her hafta d\u00fczenledi\u011fi bas\u0131n toplant\u0131lar\u0131nda \u2019ekonomi k\u00f6t\u00fc\u2019 diyerek s\u00f6ylemlerde bulunmas\u0131na kar\u015f\u0131n yar\u0131n ger\u00e7ekle\u015ftirilecek olan kongreyi 5 y\u0131ld\u0131zl\u0131 termal otelde yapma karar\u0131 almas\u0131 tart\u0131\u015fmalar\u0131 da beraberinde getirirken, Erhan \u00f6nceki d\u00f6nemlerde kendi \u015firketi \u00fczerinden CHP\u2019li belediyelere kesti\u011fi faturalarla g\u00fcndeme gelmi\u015fti. CHP Afyonkarahisar \u0130l Ba\u015fkanl\u0131\u011f\u0131 39. kongeresi yar\u0131n ger\u00e7ekle\u015ftirilecek. Mevcut Ba\u015fkan&#8230;<\/p>\n","protected":false},"author":1,"featured_media":62214,"comment_status":"open","ping_status":"open","sticky":false,"template":"","format":"standard","meta":{"_crdt_document":"","footnotes":""},"categories":[127],"tags":[],"class_list":["post-62213","post","type-post","status-publish","format-standard","has-post-thumbnail","hentry","category-siyaset"],"_links":{"self":[{"href":"https:\/\/www.egemtv.com\/index.php?rest_route=\/wp\/v2\/posts\/62213","targetHints":{"allow":["GET"]}}],"collection":[{"href":"https:\/\/www.egemtv.com\/index.php?rest_route=\/wp\/v2\/posts"}],"about":[{"href":"https:\/\/www.egemtv.com\/index.php?rest_route=\/wp\/v2\/types\/post"}],"author":[{"embeddable":true,"href":"https:\/\/www.egemtv.com\/index.php?rest_route=\/wp\/v2\/users\/1"}],"replies":[{"embeddable":true,"href":"https:\/\/www.egemtv.com\/index.php?rest_route=%2Fwp%2Fv2%2Fcomments&post=62213"}],"version-history":[{"count":1,"href":"https:\/\/www.egemtv.com\/index.php?rest_route=\/wp\/v2\/posts\/62213\/revisions"}],"predecessor-version":[{"id":62215,"href":"https:\/\/www.egemtv.com\/index.php?rest_route=\/wp\/v2\/posts\/62213\/revisions\/62215"}],"wp:featuredmedia":[{"embeddable":true,"href":"https:\/\/www.egemtv.com\/index.php?rest_route=\/wp\/v2\/media\/62214"}],"wp:attachment":[{"href":"https:\/\/www.egemtv.com\/index.php?rest_route=%2Fwp%2Fv2%2Fmedia&parent=62213"}],"wp:term":[{"taxonomy":"category","embeddable":true,"href":"https:\/\/www.egemtv.com\/index.php?rest_route=%2Fwp%2Fv2%2Fcategories&post=62213"},{"taxonomy":"post_tag","embeddable":true,"href":"https:\/\/www.egemtv.com\/index.php?rest_route=%2Fwp%2Fv2%2Ftags&post=62213"}],"curies":[{"name":"wp","href":"https:\/\/api.w.org\/{rel}","templated":true}]}}