{"id":62210,"date":"2025-10-18T13:15:00","date_gmt":"2025-10-18T10:15:00","guid":{"rendered":"https:\/\/www.egemtv.com\/?p=62210"},"modified":"2025-10-18T13:15:01","modified_gmt":"2025-10-18T10:15:01","slug":"aydinin-daglarinda-hareketlilik-basladi-kestane-ureticilerini-hasat-telasi-sardi","status":"publish","type":"post","link":"https:\/\/www.egemtv.com\/?p=62210","title":{"rendered":"Ayd\u0131n\u2019\u0131n da\u011flar\u0131nda hareketlilik ba\u015flad\u0131, kestane \u00fcreticilerini hasat tela\u015f\u0131 sard\u0131"},"content":{"rendered":"<p>T\u00fcrkiye\u2019nin en fazla kestane \u00fcretiminin yap\u0131ld\u0131\u011f\u0131 Ayd\u0131n\u2019da hasat sezonu ba\u015flad\u0131. Ya\u015fanan kurakl\u0131\u011fa ra\u011fmen bu y\u0131l kestanede rekolte ve kalitenin iyi olmas\u0131 \u00fcreticinin y\u00fcz\u00fcn\u00fc g\u00fcld\u00fcrd\u00fc.<br \/>\n<br \/>\u00d6nemli kestane \u00fcretim merkezlerinden olan Ayd\u0131n ve \u0130zmir aras\u0131nda kalan da\u011flarda havalar\u0131n serinlemesi ile birlikte hasat tela\u015f\u0131 ba\u015flad\u0131. K\u00f6\u015fk, Sultanhisar, Nazilli ve \u0130zmir\u2019in \u00d6demi\u015f il\u00e7esi aras\u0131nda kalan da\u011flarda \u00fcreticiler \u015fu g\u00fcnlerde adeta zamanla yar\u0131\u015f\u0131rken, y\u00fcksekli\u011fi yer yer 60-70 metreye kadar ula\u015fan kestane a\u011fa\u00e7lar\u0131na t\u0131rmanan erkekler taraf\u0131ndan hasad\u0131 yap\u0131lan kestaneler, kad\u0131nlar taraf\u0131ndan toplan\u0131yor. D\u00f6kek alan\u0131 ad\u0131 verilen b\u00f6lgelerde olgunla\u015fmas\u0131 beklenen kestaneler daha sonra dikenlerinden ay\u0131klanarak ihracata haz\u0131rlan\u0131yor.<br \/>\n<br \/>Sezonun yeni ba\u015flamas\u0131 sebebiyle daha piyasan\u0131n olu\u015fmad\u0131\u011f\u0131n\u0131 s\u00f6yleyen kestane \u00fcreticisi \u00d6mer \u00d6zt\u00fcrk, rekoltenin \u015fu anda g\u00fczel oldu\u011funu ifade ederek; &#8220;Sezon \u015fu anda g\u00fczel. S\u0131caklardan dolay\u0131 sezon 3-5 g\u00fcn gecikti ama rekolte bu sene iyi g\u00f6z\u00fck\u00fcyor. Memnunuz i\u015fimizden. Memnun olmasak yapar m\u0131y\u0131z zaten&#8221; dedi.<br \/>\n<br \/>Bu sezon kestane fiyatlar\u0131ndan beklentilerinin iyi oldu\u011funu ifade eden kestane \u00fcreticisi Sedat \u00d6zdemir ise &#8220;Hasad\u0131n art\u0131k vakti geldi. Ge\u00e7en y\u0131l da bu zamanlarda ba\u015flam\u0131\u015ft\u0131k. Durumlar, Allah\u2019a \u015f\u00fck\u00fcr iyi. Ya\u011fmurlarla birlikte iyile\u015fti yani daha \u00f6nce k\u00f6t\u00fc durumdayd\u0131. Ama ya\u011fmurdan sonra daha g\u00fczel oldular. Allah yedirmeyi nasip etsin. D\u00f6k\u00fcnt\u00fc kestanelerde \u015fuan 100 ile 150 TL aras\u0131nda oynad\u0131\u011f\u0131 s\u00f6yleniyor ama fiyatlar daha belli de\u011fil. Bu sezon beklentimiz iyi&#8221; dedi.<br \/>\n<br \/>Ge\u00e7en y\u0131l 130 TL civar\u0131nda olan fiyatlar\u0131n bu y\u0131l daha belli olmad\u0131\u011f\u0131n\u0131 ifade eden Ay\u015fe \u00d6zdemir de; &#8220;Fiyatlar\u0131 bilmiyoruz ki daha satmad\u0131k. Anca belli olur. Art\u0131k nasibimizde ne varsa o olur. Nasip&#8221; dedi.<\/p>\n<p>&#8220;Yevmiye pahal\u0131 ama \u00e7al\u0131\u015facak i\u015f\u00e7i yok&#8221;<br \/>\n<br \/>Kestane \u00fcreticilerinin en b\u00fcy\u00fck sorununun \u00e7al\u0131\u015facak i\u015f\u00e7i bulamamak oldu\u011funu ifade eden Naciye Kavas; &#8220;Kestane topluyoruz. Zor bir i\u015f tabi. Ellerimize bat\u0131yor. Ama i\u015f\u00e7i bulmak \u00e7ok zor. En b\u00fcy\u00fck sorun o. Ar\u0131yoruz ama bulam\u0131yoruz. Yevmiye de \u00e7ok pahal\u0131. Kestaneleri satsak yevmiyeyi \u00f6deyemeyece\u011fiz. Ama yine de i\u015f\u00e7i bulam\u0131yoruz. Hasat 20 g\u00fcn civar\u0131 s\u00fcr\u00fcyor&#8221; \u015feklinde konu\u015ftu.<br \/>\n<br \/>Ko\u00e7ak Mahallesi\u2019nden gelen kestane i\u015f\u00e7ilerinden At\u0131f Ak ise a\u011fa\u00e7lara \u00e7\u0131kman\u0131n cesaret i\u015fi oldu\u011funu vurgulayarak &#8220;Kestane silkiyoruz. Tabiki zor bir i\u015f. \u015eartlara g\u00f6re, a\u011fac\u0131n durumuna g\u00f6re zor. Herkes yapamaz yani. Cesaret i\u015fi. A\u011fa\u00e7lar y\u00fcksek. Risk var. Yevmiyeler bu sene 3,5 ile 5 bin TL aras\u0131 diyorlar ama a\u011fa\u00e7 durumuna g\u00f6re de fiyatlar de\u011fi\u015fiyor&#8221; dedi.<br \/><\/p>\n","protected":false},"excerpt":{"rendered":"<p>T\u00fcrkiye\u2019nin en fazla kestane \u00fcretiminin yap\u0131ld\u0131\u011f\u0131 Ayd\u0131n\u2019da hasat sezonu ba\u015flad\u0131. Ya\u015fanan kurakl\u0131\u011fa ra\u011fmen bu y\u0131l kestanede rekolte ve kalitenin iyi olmas\u0131 \u00fcreticinin y\u00fcz\u00fcn\u00fc g\u00fcld\u00fcrd\u00fc. \u00d6nemli kestane \u00fcretim merkezlerinden olan Ayd\u0131n ve \u0130zmir aras\u0131nda kalan da\u011flarda havalar\u0131n serinlemesi ile birlikte hasat tela\u015f\u0131 ba\u015flad\u0131. K\u00f6\u015fk, Sultanhisar, Nazilli ve \u0130zmir\u2019in \u00d6demi\u015f il\u00e7esi aras\u0131nda kalan da\u011flarda \u00fcreticiler \u015fu g\u00fcnlerde&#8230;<\/p>\n","protected":false},"author":1,"featured_media":62211,"comment_status":"open","ping_status":"open","sticky":false,"template":"","format":"standard","meta":{"_crdt_document":"","footnotes":""},"categories":[1],"tags":[],"class_list":["post-62210","post","type-post","status-publish","format-standard","has-post-thumbnail","hentry","category-guncel"],"_links":{"self":[{"href":"https:\/\/www.egemtv.com\/index.php?rest_route=\/wp\/v2\/posts\/62210","targetHints":{"allow":["GET"]}}],"collection":[{"href":"https:\/\/www.egemtv.com\/index.php?rest_route=\/wp\/v2\/posts"}],"about":[{"href":"https:\/\/www.egemtv.com\/index.php?rest_route=\/wp\/v2\/types\/post"}],"author":[{"embeddable":true,"href":"https:\/\/www.egemtv.com\/index.php?rest_route=\/wp\/v2\/users\/1"}],"replies":[{"embeddable":true,"href":"https:\/\/www.egemtv.com\/index.php?rest_route=%2Fwp%2Fv2%2Fcomments&post=62210"}],"version-history":[{"count":1,"href":"https:\/\/www.egemtv.com\/index.php?rest_route=\/wp\/v2\/posts\/62210\/revisions"}],"predecessor-version":[{"id":62212,"href":"https:\/\/www.egemtv.com\/index.php?rest_route=\/wp\/v2\/posts\/62210\/revisions\/62212"}],"wp:featuredmedia":[{"embeddable":true,"href":"https:\/\/www.egemtv.com\/index.php?rest_route=\/wp\/v2\/media\/62211"}],"wp:attachment":[{"href":"https:\/\/www.egemtv.com\/index.php?rest_route=%2Fwp%2Fv2%2Fmedia&parent=62210"}],"wp:term":[{"taxonomy":"category","embeddable":true,"href":"https:\/\/www.egemtv.com\/index.php?rest_route=%2Fwp%2Fv2%2Fcategories&post=62210"},{"taxonomy":"post_tag","embeddable":true,"href":"https:\/\/www.egemtv.com\/index.php?rest_route=%2Fwp%2Fv2%2Ftags&post=62210"}],"curies":[{"name":"wp","href":"https:\/\/api.w.org\/{rel}","templated":true}]}}