{"id":62207,"date":"2025-10-18T13:14:59","date_gmt":"2025-10-18T10:14:59","guid":{"rendered":"https:\/\/www.egemtv.com\/?p=62207"},"modified":"2025-10-18T13:15:00","modified_gmt":"2025-10-18T10:15:00","slug":"tum-kanser-vakalarinin-yuzde-15i-meme-kanseri","status":"publish","type":"post","link":"https:\/\/www.egemtv.com\/?p=62207","title":{"rendered":"T\u00fcm kanser vakalar\u0131n\u0131n y\u00fczde 15\u2019i meme kanseri"},"content":{"rendered":"<p>Meme Kanseri Fark\u0131ndal\u0131k Ay\u0131 olmas\u0131 dolay\u0131s\u0131yla a\u00e7\u0131klama yapan Kad\u0131n Hastal\u0131klar\u0131 ve Do\u011fum Uzman\u0131 Ezgi Ayd\u0131n, meme kanserinde erken te\u015fhisin ya\u015fam s\u00fcresini uzatt\u0131\u011f\u0131n\u0131 belirterek, kad\u0131nlar\u0131n d\u00fczenli kontrollerini ihmal etmemesini \u00f6nerdi.<br \/>\n<br \/>Meme kanserinin, meme dokusundaki h\u00fccrelerin kontrols\u00fcz \u015fekilde \u00e7o\u011falmas\u0131yla olu\u015fan t\u00fcmoral hastal\u0131k oldu\u011funu belirten Kad\u0131n Hastal\u0131klar\u0131 ve Do\u011fum Uzman\u0131 Ezgi Ayd\u0131n, &#8220;Hastal\u0131k genellikle s\u00fct kanallar\u0131nda, s\u00fct bezlerinde ba\u015flar. Meme kanserinin en \u00f6nemli belirtisi memede hissedilen kitledir. Meme ba\u015f\u0131 ak\u0131nt\u0131s\u0131 meme ba\u015f\u0131nda \u00e7ekilme, memede k\u0131zar\u0131kl\u0131k kanserin belirtileridir. Genetik fakt\u00f6rler ve gen mutasyonlar\u0131, hastal\u0131\u011f\u0131n en \u00f6nemli nedenleri aras\u0131ndad\u0131r. Bunun yan\u0131 s\u0131ra obezite, alkol ve sigara kullan\u0131m\u0131, toksin y\u00fck\u00fc ve sa\u011fl\u0131ks\u0131z beslenme de riski art\u0131r\u0131r. Sa\u011fl\u0131kl\u0131 beslenmek ve ba\u011f\u0131ml\u0131l\u0131klardan uzak durmak, bu riski azaltmada \u00f6nemli rol oynar&#8221; diyerek kad\u0131nlar\u0131n d\u00fczenli kontrollerini yapt\u0131rmalar\u0131n\u0131 tavsiye etti.<br \/>\n<br \/>&#8220;Kad\u0131nlarda en s\u0131k g\u00f6r\u00fclen kanser t\u00fcr\u00fc&#8221;<br \/>\n<br \/>Meme kanserinin kad\u0131nlarda en s\u0131k g\u00f6r\u00fclen kanser t\u00fcr\u00fc oldu\u011funu ve her 100 meme kanseri vakas\u0131n\u0131n 4\u2019\u00fcn\u00fcn de 60 ya\u015f \u00fczeri erkeklerde g\u00f6r\u00fcld\u00fc\u011f\u00fcn\u00fc kaydeden Dr. Ayd\u0131n, &#8220;Meme kanseri, kad\u0131nlarda genellikle 40 ya\u015f\u0131ndan sonra, erkeklerde ise 60 ya\u015f \u00fczerinde ortaya \u00e7\u0131kar. T\u00fcm kanser vakalar\u0131n\u0131n yakla\u015f\u0131k y\u00fczde 15\u2019ini meme kanseri olu\u015fturur. Meme kanseri 40 ya\u015f\u0131ndan sonra daha s\u0131k g\u00f6r\u00fclse de gen\u00e7 ya\u015flarda da ortaya \u00e7\u0131kabilir. Erken ya\u015fta geli\u015fen meme kanseri genellikle daha h\u0131zl\u0131 seyreder. Ailesinde genetik \u00f6yk\u00fc bulunan bireylerin daha s\u0131k takibe al\u0131nmas\u0131 gerekir. Her kitle kanser de\u011fildir ancak kitle olmadan da kanser geli\u015febilir. Bu duruma \u2018gizli\u2019, yani ok\u00fclt kanser denir&#8221; diyerek meme kanserine kar\u015f\u0131 en \u00f6nemli tedbirlerden birinin erken te\u015fhis oldu\u011funu kaydetti.<br \/>\n<br \/>Kendi kendine muayenenin \u00f6nemine dikkat \u00e7eken Kad\u0131n Hastal\u0131klar\u0131 ve Do\u011fum Uzman\u0131 Ezgi Ayd\u0131n, &#8220;Her kad\u0131n\u0131n d\u00fczenli olarak kendi kendine meme muayenesi yapmas\u0131 gerekir. Muayene, meme ba\u015f\u0131 \u00e7evresinden ba\u015flayarak meme dokusuna kadar dairesel hareketlerle elle yap\u0131lmal\u0131d\u0131r. Hassasiyet ya da kitle hissedildi\u011finde, vakit kaybetmeden uzman hekime ba\u015fvurulmal\u0131d\u0131r&#8221; dedi.<br \/><\/p>\n","protected":false},"excerpt":{"rendered":"<p>Meme Kanseri Fark\u0131ndal\u0131k Ay\u0131 olmas\u0131 dolay\u0131s\u0131yla a\u00e7\u0131klama yapan Kad\u0131n Hastal\u0131klar\u0131 ve Do\u011fum Uzman\u0131 Ezgi Ayd\u0131n, meme kanserinde erken te\u015fhisin ya\u015fam s\u00fcresini uzatt\u0131\u011f\u0131n\u0131 belirterek, kad\u0131nlar\u0131n d\u00fczenli kontrollerini ihmal etmemesini \u00f6nerdi. Meme kanserinin, meme dokusundaki h\u00fccrelerin kontrols\u00fcz \u015fekilde \u00e7o\u011falmas\u0131yla olu\u015fan t\u00fcmoral hastal\u0131k oldu\u011funu belirten Kad\u0131n Hastal\u0131klar\u0131 ve Do\u011fum Uzman\u0131 Ezgi Ayd\u0131n, &#8220;Hastal\u0131k genellikle s\u00fct kanallar\u0131nda, s\u00fct bezlerinde&#8230;<\/p>\n","protected":false},"author":1,"featured_media":62208,"comment_status":"open","ping_status":"open","sticky":false,"template":"","format":"standard","meta":{"_crdt_document":"","footnotes":""},"categories":[2],"tags":[],"class_list":["post-62207","post","type-post","status-publish","format-standard","has-post-thumbnail","hentry","category-saglik"],"_links":{"self":[{"href":"https:\/\/www.egemtv.com\/index.php?rest_route=\/wp\/v2\/posts\/62207","targetHints":{"allow":["GET"]}}],"collection":[{"href":"https:\/\/www.egemtv.com\/index.php?rest_route=\/wp\/v2\/posts"}],"about":[{"href":"https:\/\/www.egemtv.com\/index.php?rest_route=\/wp\/v2\/types\/post"}],"author":[{"embeddable":true,"href":"https:\/\/www.egemtv.com\/index.php?rest_route=\/wp\/v2\/users\/1"}],"replies":[{"embeddable":true,"href":"https:\/\/www.egemtv.com\/index.php?rest_route=%2Fwp%2Fv2%2Fcomments&post=62207"}],"version-history":[{"count":1,"href":"https:\/\/www.egemtv.com\/index.php?rest_route=\/wp\/v2\/posts\/62207\/revisions"}],"predecessor-version":[{"id":62209,"href":"https:\/\/www.egemtv.com\/index.php?rest_route=\/wp\/v2\/posts\/62207\/revisions\/62209"}],"wp:featuredmedia":[{"embeddable":true,"href":"https:\/\/www.egemtv.com\/index.php?rest_route=\/wp\/v2\/media\/62208"}],"wp:attachment":[{"href":"https:\/\/www.egemtv.com\/index.php?rest_route=%2Fwp%2Fv2%2Fmedia&parent=62207"}],"wp:term":[{"taxonomy":"category","embeddable":true,"href":"https:\/\/www.egemtv.com\/index.php?rest_route=%2Fwp%2Fv2%2Fcategories&post=62207"},{"taxonomy":"post_tag","embeddable":true,"href":"https:\/\/www.egemtv.com\/index.php?rest_route=%2Fwp%2Fv2%2Ftags&post=62207"}],"curies":[{"name":"wp","href":"https:\/\/api.w.org\/{rel}","templated":true}]}}