{"id":62204,"date":"2025-10-18T12:56:06","date_gmt":"2025-10-18T09:56:06","guid":{"rendered":"https:\/\/www.egemtv.com\/?p=62204"},"modified":"2025-10-18T12:56:07","modified_gmt":"2025-10-18T09:56:07","slug":"baskan-gencay-yalikoy-sakinleri-ile-bir-araya-geldi","status":"publish","type":"post","link":"https:\/\/www.egemtv.com\/?p=62204","title":{"rendered":"Ba\u015fkan Gen\u00e7ay, Yal\u0131k\u00f6y sakinleri ile bir araya geldi"},"content":{"rendered":"<p>Didim Belediyesi taraf\u0131ndan ba\u015flat\u0131lan &#8220;Mahallemi Dinliyorum&#8221; bulu\u015fmalar\u0131, Yal\u0131k\u00f6y Mahallesi\u2019nde devam etti. Didim Belediye Ba\u015fkan\u0131 Hatice Gen\u00e7ay, Yal\u0131k\u00f6y sakinleriyle bir araya gelerek mahallenin ihtiya\u00e7lar\u0131n\u0131, taleplerini ve sorunlar\u0131n\u0131 yerinde dinledi.<br \/>\n<br \/>Yal\u0131k\u00f6y Mahallesi\u2019nde ger\u00e7ekle\u015ftirilen toplant\u0131ya; Yal\u0131k\u00f6y Mahalle Muhtar\u0131 \u0130brahim Engil, belediye b\u00fcrokratlar\u0131, meclis \u00fcyeleri ve \u00e7ok say\u0131da mahalle sakini kat\u0131ld\u0131. Halk\u0131n yo\u011fun ilgi g\u00f6sterdi\u011fi bulu\u015fmada Ba\u015fkan Hatice Gen\u00e7ay, vatanda\u015flarla samimi bir ortamda sohbet etti, dile getirilen taleplerin \u00e7\u00f6z\u00fcm\u00fc i\u00e7in ilgili birimlere talimat verdi. Toplant\u0131da mahalle yollar\u0131, altyap\u0131, temizlik, \u00e7evre d\u00fczenlemesi ve sosyal alan ihtiya\u00e7lar\u0131 gibi konular ele al\u0131nd\u0131. Vatanda\u015flar, Ba\u015fkan Gen\u00e7ay\u2019a mahallelerine g\u00f6sterdi\u011fi ilgiden ve do\u011frudan ileti\u015fim kurma f\u0131rsat\u0131ndan dolay\u0131 te\u015fekk\u00fcr etti. Toplant\u0131 sonras\u0131 a\u00e7\u0131klamalarda bulunan Didim Belediye Ba\u015fkan\u0131 Hatice Gen\u00e7ay; &#8220;Didim\u2019i birlikte y\u00f6netmek i\u00e7in \u00e7\u0131kt\u0131\u011f\u0131m\u0131z bu yolda, mahallelerimizin sesine kulak veriyoruz. Yal\u0131k\u00f6y Mahallemizde vatanda\u015flar\u0131m\u0131z\u0131n beklentilerini do\u011frudan kendilerinden dinlemek bizler i\u00e7in \u00e7ok k\u0131ymetli. T\u00fcm talepleri not ald\u0131k; \u00e7\u00f6z\u00fcm i\u00e7in gerekli ad\u0131mlar\u0131 en k\u0131sa s\u00fcrede ataca\u011f\u0131z. Halk\u0131m\u0131zla kurdu\u011fumuz bu g\u00fc\u00e7l\u00fc ileti\u015fim, daha ya\u015fanabilir bir Didim in\u015fa etmemizin en \u00f6nemli ad\u0131m\u0131d\u0131r&#8221; dedi.<br \/>\n<br \/>Didim Belediyesi\u2019nin mahalle bazl\u0131 kat\u0131l\u0131mc\u0131 y\u00f6netim anlay\u0131\u015f\u0131n\u0131 g\u00fc\u00e7lendirmeyi hedefleyen &#8220;Mahallemi Dinliyorum&#8221; bulu\u015fmalar\u0131, \u00f6n\u00fcm\u00fczdeki haftalarda di\u011fer mahallelerde de devam edecek.<br \/><\/p>\n","protected":false},"excerpt":{"rendered":"<p>Didim Belediyesi taraf\u0131ndan ba\u015flat\u0131lan &#8220;Mahallemi Dinliyorum&#8221; bulu\u015fmalar\u0131, Yal\u0131k\u00f6y Mahallesi\u2019nde devam etti. Didim Belediye Ba\u015fkan\u0131 Hatice Gen\u00e7ay, Yal\u0131k\u00f6y sakinleriyle bir araya gelerek mahallenin ihtiya\u00e7lar\u0131n\u0131, taleplerini ve sorunlar\u0131n\u0131 yerinde dinledi. Yal\u0131k\u00f6y Mahallesi\u2019nde ger\u00e7ekle\u015ftirilen toplant\u0131ya; Yal\u0131k\u00f6y Mahalle Muhtar\u0131 \u0130brahim Engil, belediye b\u00fcrokratlar\u0131, meclis \u00fcyeleri ve \u00e7ok say\u0131da mahalle sakini kat\u0131ld\u0131. Halk\u0131n yo\u011fun ilgi g\u00f6sterdi\u011fi bulu\u015fmada Ba\u015fkan Hatice Gen\u00e7ay,&#8230;<\/p>\n","protected":false},"author":1,"featured_media":62205,"comment_status":"open","ping_status":"open","sticky":false,"template":"","format":"standard","meta":{"_crdt_document":"","footnotes":""},"categories":[1],"tags":[],"class_list":["post-62204","post","type-post","status-publish","format-standard","has-post-thumbnail","hentry","category-guncel"],"_links":{"self":[{"href":"https:\/\/www.egemtv.com\/index.php?rest_route=\/wp\/v2\/posts\/62204","targetHints":{"allow":["GET"]}}],"collection":[{"href":"https:\/\/www.egemtv.com\/index.php?rest_route=\/wp\/v2\/posts"}],"about":[{"href":"https:\/\/www.egemtv.com\/index.php?rest_route=\/wp\/v2\/types\/post"}],"author":[{"embeddable":true,"href":"https:\/\/www.egemtv.com\/index.php?rest_route=\/wp\/v2\/users\/1"}],"replies":[{"embeddable":true,"href":"https:\/\/www.egemtv.com\/index.php?rest_route=%2Fwp%2Fv2%2Fcomments&post=62204"}],"version-history":[{"count":1,"href":"https:\/\/www.egemtv.com\/index.php?rest_route=\/wp\/v2\/posts\/62204\/revisions"}],"predecessor-version":[{"id":62206,"href":"https:\/\/www.egemtv.com\/index.php?rest_route=\/wp\/v2\/posts\/62204\/revisions\/62206"}],"wp:featuredmedia":[{"embeddable":true,"href":"https:\/\/www.egemtv.com\/index.php?rest_route=\/wp\/v2\/media\/62205"}],"wp:attachment":[{"href":"https:\/\/www.egemtv.com\/index.php?rest_route=%2Fwp%2Fv2%2Fmedia&parent=62204"}],"wp:term":[{"taxonomy":"category","embeddable":true,"href":"https:\/\/www.egemtv.com\/index.php?rest_route=%2Fwp%2Fv2%2Fcategories&post=62204"},{"taxonomy":"post_tag","embeddable":true,"href":"https:\/\/www.egemtv.com\/index.php?rest_route=%2Fwp%2Fv2%2Ftags&post=62204"}],"curies":[{"name":"wp","href":"https:\/\/api.w.org\/{rel}","templated":true}]}}