{"id":62201,"date":"2025-10-18T12:56:05","date_gmt":"2025-10-18T09:56:05","guid":{"rendered":"https:\/\/www.egemtv.com\/?p=62201"},"modified":"2025-10-18T12:56:06","modified_gmt":"2025-10-18T09:56:06","slug":"kanuninin-rodos-yolu-uzerindeki-tarihi-sarnic-unutuldu","status":"publish","type":"post","link":"https:\/\/www.egemtv.com\/?p=62201","title":{"rendered":"Kanuni\u2019nin Rodos yolu \u00fczerindeki tarihi sarn\u0131\u00e7 unutuldu"},"content":{"rendered":"<p>Mu\u011fla\u2019n\u0131n Marmaris il\u00e7esine ba\u011fl\u0131 Ak\u00e7ap\u0131nar Mahallesi\u2019nde Marmaris karayolunun alt taraf\u0131nda \u00fc\u00e7 as\u0131rdan fazla s\u00fcredir ayakta duran ve Kanuni Sultan S\u00fcleyman\u2019\u0131n Rodos seferi s\u0131ras\u0131nda yapt\u0131rd\u0131\u011f\u0131 g\u00fczergah \u00fczerinde bulunan tarihi sarn\u0131\u00e7, ilgisizlik nedeniyle y\u0131k\u0131lma tehlikesiyle kar\u015f\u0131 kar\u015f\u0131ya. Marmarisli \u00d6zay Bacako\u011flu, hem tarihi sarn\u0131c\u0131n hem de \u00e7evresindeki yap\u0131lar ile as\u0131rl\u0131k zeytin a\u011fa\u00e7lar\u0131n\u0131n korunmas\u0131 i\u00e7in destek bekliyor.<br \/>\n<br \/>B\u00f6lgenin ecdatlar\u0131ndan kalan bir miras oldu\u011funu ve restore edilip korunmas\u0131 gerekti\u011fini vurgulayan Marmarisli \u00d6zay Bacako\u011flu, \u00e7ocuklu\u011fundan beri bu b\u00f6lgede oldu\u011funu belirterek &#8220;Buras\u0131 bizim zeytinliklerin oldu\u011fu yer. Dedemden kalma. Ben \u00e7ocuklu\u011fumdan beri buraya gelirim. Eskiden burada zeytin s\u0131k\u0131l\u0131r, herkes imece usul\u00fcyle \u00e7al\u0131\u015f\u0131rd\u0131. O zamanlar her \u015fey do\u011fald\u0131. B\u00fcy\u00fcklerimiz anlat\u0131rd\u0131; buras\u0131 Kanuni Sultan S\u00fcleyman\u2019\u0131n Rodos seferi s\u0131ras\u0131nda yapt\u0131rd\u0131\u011f\u0131 yollardan biriymi\u015f. Bu sarn\u0131\u00e7 da o d\u00f6nemden kalmaym\u0131\u015f&#8221; \u015feklinde konu\u015ftu.<\/p>\n<p>&#8220;Sarn\u0131c\u0131n ve a\u011fa\u00e7lar\u0131n korunmas\u0131n\u0131 istiyorum&#8221;<br \/>\n<br \/>Tarihi yap\u0131n\u0131n yok olmaya y\u00fcz tuttu\u011funu s\u00f6yleyen Bacako\u011flu, &#8220;Ben buran\u0131n korunmas\u0131n\u0131, sahip \u00e7\u0131k\u0131lmas\u0131n\u0131 istiyorum. Hatta m\u00fcmk\u00fcnse turizme kazand\u0131r\u0131ls\u0131n. Sultan S\u00fcleyman ecdad\u0131m\u0131z buraya insanlar su i\u00e7sin diye bir sarn\u0131\u00e7 yapt\u0131rm\u0131\u015f. Ama maalesef kimse sahip \u00e7\u0131km\u0131yor. As\u0131rl\u0131k zeytin a\u011fa\u00e7lar\u0131 ve \u00e7\u0131nar bile var burada. Bu a\u011fa\u00e7lar numaraland\u0131r\u0131l\u0131p koruma alt\u0131na al\u0131nmal\u0131&#8221; dedi.<\/p>\n<p>&#8220;Eskiden hanm\u0131\u015f, kervanlar burada konaklarm\u0131\u015f&#8221;<br \/>\n<br \/>Bacako\u011flu, b\u00f6lgede sarn\u0131c\u0131n d\u0131\u015f\u0131nda ba\u015fka kal\u0131nt\u0131lar\u0131n da bulundu\u011funu belirterek, &#8220;Buras\u0131 asl\u0131nda bir hanm\u0131\u015f. Eskiden insanlar develerle, atlarla gelir; burada konaklarlarm\u0131\u015f. Zamanla y\u0131k\u0131lm\u0131\u015f tabii ama ta\u015f duvarlar\u0131n izleri hala belli. Belki Kanuni Sultan S\u00fcleyman bile burada konaklad\u0131, kim bilir&#8221; \u015feklinde konu\u015ftu.<\/p>\n<p>&#8220;Bu yol Kanuni d\u00f6neminde ta\u015fla \u00f6r\u00fclm\u00fc\u015f&#8221;<br \/>\n<br \/>Tarihi yolun da zaman i\u00e7inde kayboldu\u011funu belirten Bacako\u011flu, &#8220;Eskiden burada beyaz ta\u015flarla d\u00f6\u015feli bir yol vard\u0131. Kanuni Sultan S\u00fcleyman zaman\u0131nda Mustafa Sakar taraf\u0131ndan ta\u015flar \u00f6r\u00fcl\u00fcp d\u00f6\u015fenmi\u015f. \u00c7\u00fcnk\u00fc buralar batakl\u0131km\u0131\u015f, hayvanlar batmas\u0131n diye yolu tamamen ta\u015ftan yapm\u0131\u015flar. Bu yol buradan do\u011frudan Burzan\u2019a gider, eski Marmaris yolu buradan ge\u00e7ermi\u015f&#8221; dedi.<\/p>\n<p>&#8220;Yetkililer ilgilenmeli&#8221;<br \/>\n<br \/>Tarihi alan\u0131n terk edildi\u011fini s\u00f6yleyen Bacako\u011flu, &#8220;Hi\u00e7 kimse bu tarihi eserlere sahip \u00e7\u0131km\u0131yor. \u00d6\u011frencilerimize bu yerler anlat\u0131lmal\u0131, ecdad\u0131m\u0131z\u0131n eserleri tan\u0131t\u0131lmal\u0131&#8221; dedi.<br \/><\/p>\n","protected":false},"excerpt":{"rendered":"<p>Mu\u011fla\u2019n\u0131n Marmaris il\u00e7esine ba\u011fl\u0131 Ak\u00e7ap\u0131nar Mahallesi\u2019nde Marmaris karayolunun alt taraf\u0131nda \u00fc\u00e7 as\u0131rdan fazla s\u00fcredir ayakta duran ve Kanuni Sultan S\u00fcleyman\u2019\u0131n Rodos seferi s\u0131ras\u0131nda yapt\u0131rd\u0131\u011f\u0131 g\u00fczergah \u00fczerinde bulunan tarihi sarn\u0131\u00e7, ilgisizlik nedeniyle y\u0131k\u0131lma tehlikesiyle kar\u015f\u0131 kar\u015f\u0131ya. Marmarisli \u00d6zay Bacako\u011flu, hem tarihi sarn\u0131c\u0131n hem de \u00e7evresindeki yap\u0131lar ile as\u0131rl\u0131k zeytin a\u011fa\u00e7lar\u0131n\u0131n korunmas\u0131 i\u00e7in destek bekliyor. B\u00f6lgenin ecdatlar\u0131ndan&#8230;<\/p>\n","protected":false},"author":1,"featured_media":62202,"comment_status":"open","ping_status":"open","sticky":false,"template":"","format":"standard","meta":{"_crdt_document":"","footnotes":""},"categories":[1],"tags":[],"class_list":["post-62201","post","type-post","status-publish","format-standard","has-post-thumbnail","hentry","category-guncel"],"_links":{"self":[{"href":"https:\/\/www.egemtv.com\/index.php?rest_route=\/wp\/v2\/posts\/62201","targetHints":{"allow":["GET"]}}],"collection":[{"href":"https:\/\/www.egemtv.com\/index.php?rest_route=\/wp\/v2\/posts"}],"about":[{"href":"https:\/\/www.egemtv.com\/index.php?rest_route=\/wp\/v2\/types\/post"}],"author":[{"embeddable":true,"href":"https:\/\/www.egemtv.com\/index.php?rest_route=\/wp\/v2\/users\/1"}],"replies":[{"embeddable":true,"href":"https:\/\/www.egemtv.com\/index.php?rest_route=%2Fwp%2Fv2%2Fcomments&post=62201"}],"version-history":[{"count":1,"href":"https:\/\/www.egemtv.com\/index.php?rest_route=\/wp\/v2\/posts\/62201\/revisions"}],"predecessor-version":[{"id":62203,"href":"https:\/\/www.egemtv.com\/index.php?rest_route=\/wp\/v2\/posts\/62201\/revisions\/62203"}],"wp:featuredmedia":[{"embeddable":true,"href":"https:\/\/www.egemtv.com\/index.php?rest_route=\/wp\/v2\/media\/62202"}],"wp:attachment":[{"href":"https:\/\/www.egemtv.com\/index.php?rest_route=%2Fwp%2Fv2%2Fmedia&parent=62201"}],"wp:term":[{"taxonomy":"category","embeddable":true,"href":"https:\/\/www.egemtv.com\/index.php?rest_route=%2Fwp%2Fv2%2Fcategories&post=62201"},{"taxonomy":"post_tag","embeddable":true,"href":"https:\/\/www.egemtv.com\/index.php?rest_route=%2Fwp%2Fv2%2Ftags&post=62201"}],"curies":[{"name":"wp","href":"https:\/\/api.w.org\/{rel}","templated":true}]}}