{"id":62198,"date":"2025-10-18T12:36:35","date_gmt":"2025-10-18T09:36:35","guid":{"rendered":"https:\/\/www.egemtv.com\/?p=62198"},"modified":"2025-10-18T12:36:36","modified_gmt":"2025-10-18T09:36:36","slug":"manisa-buyuksehirden-universiteli-kizlara-yurt-destegi","status":"publish","type":"post","link":"https:\/\/www.egemtv.com\/?p=62198","title":{"rendered":"Manisa B\u00fcy\u00fck\u015fehir\u2019den \u00fcniversiteli k\u0131zlara yurt deste\u011fi"},"content":{"rendered":"<p>Manisa B\u00fcy\u00fck\u015fehir Belediyesinin k\u0131z \u00fcniversite \u00f6\u011frencilerine y\u00f6nelik hayata ge\u00e7irdi\u011fi ilk k\u0131z \u00f6\u011frenci misafirhanesi a\u00e7\u0131ld\u0131.<br \/>\n<br \/>Sosyal belediyecilik anlay\u0131\u015f\u0131yla e\u011fitim alan\u0131nda da \u00f6nemli \u00e7al\u0131\u015fmalar y\u00fcr\u00fcten Manisa B\u00fcy\u00fck\u015fehir Belediyesi, \u00fcniversite \u00f6\u011frencilerinin konaklama ihtiya\u00e7lar\u0131na destek olma noktas\u0131nda ilk ad\u0131m\u0131n\u0131 att\u0131. Merhum B\u00fcy\u00fck\u015fehir Belediye Ba\u015fkan\u0131 Ferdi Zeyrek d\u00f6neminde ba\u015flayan projeyle, Manisa B\u00fcy\u00fck\u015fehir Belediyesinin ilk k\u0131z \u00f6\u011frenci misafirhanesi a\u00e7\u0131ld\u0131. 36 odas\u0131 bulunan misafirhanede toplam 79 \u00f6\u011frenci konaklayabilecek. K\u0131z \u00f6\u011frenci misafirhanesinde incelemelerde bulunan Manisa B\u00fcy\u00fck\u015fehir Belediye Ba\u015fkan\u0131 Besim Dutlulu, &#8220;Rahmetli Ferdi Zeyrek Ba\u015fkan\u0131m\u0131z\u0131n bir hayalini daha ger\u00e7ekle\u015ftirmenin mutlulu\u011funu ya\u015f\u0131yoruz. Onun d\u00f6neminde ilk ad\u0131mlar\u0131 at\u0131lan k\u0131z \u00f6\u011frenci yurdunun a\u00e7\u0131l\u0131\u015f\u0131n\u0131 yapm\u0131\u015f bulunuyoruz. 79 k\u0131z \u00fcniversite \u00f6\u011frencimiz burada konaklayabilecek. Ba\u015fvurular Pazartesi g\u00fcn\u00fc itibariyle ba\u015fl\u0131yor. \u00dcniversite \u00f6\u011frencilerimiz hem \u2018\u00dcz\u00fcm\u2019 uygulamam\u0131z \u00fczerinden hem de Manisa B\u00fcy\u00fck\u015fehir Belediyesi\u2019nin internet sitesinden ba\u015fvuruda bulunabilir. Manisa B\u00fcy\u00fck\u015fehir Belediyesi\u2019nin ilk \u00f6\u011frenci yurdu art\u0131k hizmetinizde&#8221; dedi.<br \/>\n<br \/>B\u00fcy\u00fck\u015fehir Belediyesinin ilk k\u0131z \u00f6\u011frenci misafirhanesinde, k\u0131z \u00fcniversite \u00f6\u011frencileri ekonomik ve g\u00fcvenli konaklama imkan\u0131 bulacak. Ba\u015fvurular ise Pazartesi g\u00fcn\u00fc ba\u015flayacak. \u00d6\u011frenciler, belediyenin internet sitesi ve \u2018\u00dcz\u00fcm\u2019 uygulamas\u0131 \u00fczerinden yap\u0131labilecek. K\u0131z \u00f6\u011frenci misafirhanesi i\u00e7in \u00f6\u011frenciler, ihtiya\u00e7 sahipli\u011fi kriterlerine g\u00f6re de\u011ferlendirilecek ve hak kazananlar\u0131n kabul\u00fc yap\u0131lacak. Misafirhanede, tek ki\u015filik oda 3 bin lira, iki ki\u015filik oda 2 bin 500 lira, \u00fc\u00e7 ki\u015filik oda 2 bin lira, d\u00f6rt ki\u015filik oda ise bin 500 lira olacak. Belirlenen \u00fccretlere sabah kahvalt\u0131s\u0131, ak\u015fam yeme\u011fi ve internet kullan\u0131m\u0131 dahil olacak.<br \/><\/p>\n","protected":false},"excerpt":{"rendered":"<p>Manisa B\u00fcy\u00fck\u015fehir Belediyesinin k\u0131z \u00fcniversite \u00f6\u011frencilerine y\u00f6nelik hayata ge\u00e7irdi\u011fi ilk k\u0131z \u00f6\u011frenci misafirhanesi a\u00e7\u0131ld\u0131. Sosyal belediyecilik anlay\u0131\u015f\u0131yla e\u011fitim alan\u0131nda da \u00f6nemli \u00e7al\u0131\u015fmalar y\u00fcr\u00fcten Manisa B\u00fcy\u00fck\u015fehir Belediyesi, \u00fcniversite \u00f6\u011frencilerinin konaklama ihtiya\u00e7lar\u0131na destek olma noktas\u0131nda ilk ad\u0131m\u0131n\u0131 att\u0131. Merhum B\u00fcy\u00fck\u015fehir Belediye Ba\u015fkan\u0131 Ferdi Zeyrek d\u00f6neminde ba\u015flayan projeyle, Manisa B\u00fcy\u00fck\u015fehir Belediyesinin ilk k\u0131z \u00f6\u011frenci misafirhanesi a\u00e7\u0131ld\u0131. 36 odas\u0131&#8230;<\/p>\n","protected":false},"author":1,"featured_media":62199,"comment_status":"open","ping_status":"open","sticky":false,"template":"","format":"standard","meta":{"_crdt_document":"","footnotes":""},"categories":[1],"tags":[],"class_list":["post-62198","post","type-post","status-publish","format-standard","has-post-thumbnail","hentry","category-guncel"],"_links":{"self":[{"href":"https:\/\/www.egemtv.com\/index.php?rest_route=\/wp\/v2\/posts\/62198","targetHints":{"allow":["GET"]}}],"collection":[{"href":"https:\/\/www.egemtv.com\/index.php?rest_route=\/wp\/v2\/posts"}],"about":[{"href":"https:\/\/www.egemtv.com\/index.php?rest_route=\/wp\/v2\/types\/post"}],"author":[{"embeddable":true,"href":"https:\/\/www.egemtv.com\/index.php?rest_route=\/wp\/v2\/users\/1"}],"replies":[{"embeddable":true,"href":"https:\/\/www.egemtv.com\/index.php?rest_route=%2Fwp%2Fv2%2Fcomments&post=62198"}],"version-history":[{"count":1,"href":"https:\/\/www.egemtv.com\/index.php?rest_route=\/wp\/v2\/posts\/62198\/revisions"}],"predecessor-version":[{"id":62200,"href":"https:\/\/www.egemtv.com\/index.php?rest_route=\/wp\/v2\/posts\/62198\/revisions\/62200"}],"wp:featuredmedia":[{"embeddable":true,"href":"https:\/\/www.egemtv.com\/index.php?rest_route=\/wp\/v2\/media\/62199"}],"wp:attachment":[{"href":"https:\/\/www.egemtv.com\/index.php?rest_route=%2Fwp%2Fv2%2Fmedia&parent=62198"}],"wp:term":[{"taxonomy":"category","embeddable":true,"href":"https:\/\/www.egemtv.com\/index.php?rest_route=%2Fwp%2Fv2%2Fcategories&post=62198"},{"taxonomy":"post_tag","embeddable":true,"href":"https:\/\/www.egemtv.com\/index.php?rest_route=%2Fwp%2Fv2%2Ftags&post=62198"}],"curies":[{"name":"wp","href":"https:\/\/api.w.org\/{rel}","templated":true}]}}