{"id":62195,"date":"2025-10-18T11:54:58","date_gmt":"2025-10-18T08:54:58","guid":{"rendered":"https:\/\/www.egemtv.com\/?p=62195"},"modified":"2025-10-18T11:54:59","modified_gmt":"2025-10-18T08:54:59","slug":"sarigolde-balkonlar-cennet-elmasiyla-renklendi","status":"publish","type":"post","link":"https:\/\/www.egemtv.com\/?p=62195","title":{"rendered":"Sar\u0131g\u00f6l\u2019de balkonlar cennet elmas\u0131yla renklendi"},"content":{"rendered":"<p>Manisa\u2019n\u0131n Sar\u0131g\u00f6l il\u00e7esinde her y\u0131l sonbahar aylar\u0131nda yap\u0131lan cennet elmas\u0131 (Trabzon hurmas\u0131) kurutma i\u015flemleri ba\u015flad\u0131. Evlerin balkonlar\u0131 ve bah\u00e7eleri, ipe dizilen elmalarla renkli bir g\u00f6r\u00fcn\u00fcme b\u00fcr\u00fcnd\u00fc.<br \/>\n<br \/>Sar\u0131g\u00f6l\u2019de vatanda\u015flar\u0131n k\u0131\u015f haz\u0131rl\u0131klar\u0131 \u00e7er\u00e7evesinde cennet elmas\u0131 kurutma mesaisi ba\u015flad\u0131. \u00c7erez olarak t\u00fcketilen cennet elmas\u0131, kurutuldu\u011funda hem daha uzun s\u00fcre saklanabiliyor hem de daha tatl\u0131 bir lezzet kazan\u0131yor. Cennet elmas\u0131 kurutan Ahmet Tosun, &#8220;Pazardan ald\u0131\u011f\u0131m\u0131z elmalar\u0131n bir k\u0131sm\u0131n\u0131 ince \u00e7orap i\u00e7ine koyuyor, bir k\u0131sm\u0131n\u0131 da ipe diziyoruz. G\u00fcne\u015fte kuruyan elmalar k\u0131\u015f\u0131n olduk\u00e7a lezzetli oluyor. Her y\u0131l bu gelene\u011fi s\u00fcrd\u00fcr\u00fcyoruz.&#8221; dedi.<br \/><\/p>\n","protected":false},"excerpt":{"rendered":"<p>Manisa\u2019n\u0131n Sar\u0131g\u00f6l il\u00e7esinde her y\u0131l sonbahar aylar\u0131nda yap\u0131lan cennet elmas\u0131 (Trabzon hurmas\u0131) kurutma i\u015flemleri ba\u015flad\u0131. Evlerin balkonlar\u0131 ve bah\u00e7eleri, ipe dizilen elmalarla renkli bir g\u00f6r\u00fcn\u00fcme b\u00fcr\u00fcnd\u00fc. Sar\u0131g\u00f6l\u2019de vatanda\u015flar\u0131n k\u0131\u015f haz\u0131rl\u0131klar\u0131 \u00e7er\u00e7evesinde cennet elmas\u0131 kurutma mesaisi ba\u015flad\u0131. \u00c7erez olarak t\u00fcketilen cennet elmas\u0131, kurutuldu\u011funda hem daha uzun s\u00fcre saklanabiliyor hem de daha tatl\u0131 bir lezzet kazan\u0131yor. Cennet&#8230;<\/p>\n","protected":false},"author":1,"featured_media":62196,"comment_status":"open","ping_status":"open","sticky":false,"template":"","format":"standard","meta":{"_crdt_document":"","footnotes":""},"categories":[123],"tags":[],"class_list":["post-62195","post","type-post","status-publish","format-standard","has-post-thumbnail","hentry","category-gundem"],"_links":{"self":[{"href":"https:\/\/www.egemtv.com\/index.php?rest_route=\/wp\/v2\/posts\/62195","targetHints":{"allow":["GET"]}}],"collection":[{"href":"https:\/\/www.egemtv.com\/index.php?rest_route=\/wp\/v2\/posts"}],"about":[{"href":"https:\/\/www.egemtv.com\/index.php?rest_route=\/wp\/v2\/types\/post"}],"author":[{"embeddable":true,"href":"https:\/\/www.egemtv.com\/index.php?rest_route=\/wp\/v2\/users\/1"}],"replies":[{"embeddable":true,"href":"https:\/\/www.egemtv.com\/index.php?rest_route=%2Fwp%2Fv2%2Fcomments&post=62195"}],"version-history":[{"count":1,"href":"https:\/\/www.egemtv.com\/index.php?rest_route=\/wp\/v2\/posts\/62195\/revisions"}],"predecessor-version":[{"id":62197,"href":"https:\/\/www.egemtv.com\/index.php?rest_route=\/wp\/v2\/posts\/62195\/revisions\/62197"}],"wp:featuredmedia":[{"embeddable":true,"href":"https:\/\/www.egemtv.com\/index.php?rest_route=\/wp\/v2\/media\/62196"}],"wp:attachment":[{"href":"https:\/\/www.egemtv.com\/index.php?rest_route=%2Fwp%2Fv2%2Fmedia&parent=62195"}],"wp:term":[{"taxonomy":"category","embeddable":true,"href":"https:\/\/www.egemtv.com\/index.php?rest_route=%2Fwp%2Fv2%2Fcategories&post=62195"},{"taxonomy":"post_tag","embeddable":true,"href":"https:\/\/www.egemtv.com\/index.php?rest_route=%2Fwp%2Fv2%2Ftags&post=62195"}],"curies":[{"name":"wp","href":"https:\/\/api.w.org\/{rel}","templated":true}]}}