{"id":62192,"date":"2025-10-18T11:54:57","date_gmt":"2025-10-18T08:54:57","guid":{"rendered":"https:\/\/www.egemtv.com\/?p=62192"},"modified":"2025-10-18T11:54:58","modified_gmt":"2025-10-18T08:54:58","slug":"tirin-traktore-carptigi-kazada-iki-kisi-yaralandi","status":"publish","type":"post","link":"https:\/\/www.egemtv.com\/?p=62192","title":{"rendered":"T\u0131r\u0131n trakt\u00f6re \u00e7arpt\u0131\u011f\u0131 kazada iki ki\u015fi yaraland\u0131"},"content":{"rendered":"<p>Afyonkarahisar\u2019da kontrolden \u00e7\u0131kan t\u0131r\u0131n \u00f6n\u00fcnde seyreden trakt\u00f6re \u00e7arpmas\u0131 sonucu meydana gelen trafik kazas\u0131nda 2 ki\u015fi yaralan\u0131rken, olayda trakt\u00f6r\u00fcn r\u00f6morkunda ta\u015f\u0131d\u0131\u011f\u0131 yakla\u015f\u0131k 2 ton hayvan yemi ise \u00e7evreye sa\u00e7\u0131ld\u0131.<br \/>\n<br \/>Kaza, \u00c7ay il\u00e7esi giri\u015finde meydana geldi. Edinilen bilgilere g\u00f6re, B.\u00c7., idaresindeki 42 GT 097 plakal\u0131 t\u0131r s\u00fcr\u00fcc\u00fcs\u00fcn\u00fcn hen\u00fcz belirlenemeyen bir sebepten \u00f6t\u00fcr\u00fc direksiyon hakimiyetini kaybetmesi sonucu \u00f6n\u00fcnde seyreden B.\u00d6.\u2019n\u00fcn kulland\u0131\u011f\u0131<br \/>\n<br \/>03 AIA 836 plakal\u0131 trakt\u00f6re arkadan \u00e7arpt\u0131. Kazada her iki ara\u00e7 s\u00fcr\u00fcc\u00fcs\u00fc de yaraland\u0131. Yaral\u0131lar kaza sonras\u0131 olay yerine gelen sa\u011fl\u0131k ekipleri taraf\u0131ndan ambulanslarla hastanelere kald\u0131r\u0131ld\u0131. Kazada trakt\u00f6r\u00fcn r\u00f6morkunda ta\u015f\u0131d\u0131\u011f\u0131 yakla\u015f\u0131k 2 ton hayvan yemi ise r\u00f6morkun devrilmesi sonucu \u00e7evreye sa\u00e7\u0131ld\u0131.<br \/>\n<br \/>Kazan\u0131n ard\u0131ndan jandarma taraf\u0131ndan inceleme ba\u015flat\u0131ld\u0131.<br \/><\/p>\n","protected":false},"excerpt":{"rendered":"<p>Afyonkarahisar\u2019da kontrolden \u00e7\u0131kan t\u0131r\u0131n \u00f6n\u00fcnde seyreden trakt\u00f6re \u00e7arpmas\u0131 sonucu meydana gelen trafik kazas\u0131nda 2 ki\u015fi yaralan\u0131rken, olayda trakt\u00f6r\u00fcn r\u00f6morkunda ta\u015f\u0131d\u0131\u011f\u0131 yakla\u015f\u0131k 2 ton hayvan yemi ise \u00e7evreye sa\u00e7\u0131ld\u0131. Kaza, \u00c7ay il\u00e7esi giri\u015finde meydana geldi. Edinilen bilgilere g\u00f6re, B.\u00c7., idaresindeki 42 GT 097 plakal\u0131 t\u0131r s\u00fcr\u00fcc\u00fcs\u00fcn\u00fcn hen\u00fcz belirlenemeyen bir sebepten \u00f6t\u00fcr\u00fc direksiyon hakimiyetini kaybetmesi sonucu \u00f6n\u00fcnde&#8230;<\/p>\n","protected":false},"author":1,"featured_media":62193,"comment_status":"open","ping_status":"open","sticky":false,"template":"","format":"standard","meta":{"_crdt_document":"","footnotes":""},"categories":[5],"tags":[],"class_list":["post-62192","post","type-post","status-publish","format-standard","has-post-thumbnail","hentry","category-asayis"],"_links":{"self":[{"href":"https:\/\/www.egemtv.com\/index.php?rest_route=\/wp\/v2\/posts\/62192","targetHints":{"allow":["GET"]}}],"collection":[{"href":"https:\/\/www.egemtv.com\/index.php?rest_route=\/wp\/v2\/posts"}],"about":[{"href":"https:\/\/www.egemtv.com\/index.php?rest_route=\/wp\/v2\/types\/post"}],"author":[{"embeddable":true,"href":"https:\/\/www.egemtv.com\/index.php?rest_route=\/wp\/v2\/users\/1"}],"replies":[{"embeddable":true,"href":"https:\/\/www.egemtv.com\/index.php?rest_route=%2Fwp%2Fv2%2Fcomments&post=62192"}],"version-history":[{"count":1,"href":"https:\/\/www.egemtv.com\/index.php?rest_route=\/wp\/v2\/posts\/62192\/revisions"}],"predecessor-version":[{"id":62194,"href":"https:\/\/www.egemtv.com\/index.php?rest_route=\/wp\/v2\/posts\/62192\/revisions\/62194"}],"wp:featuredmedia":[{"embeddable":true,"href":"https:\/\/www.egemtv.com\/index.php?rest_route=\/wp\/v2\/media\/62193"}],"wp:attachment":[{"href":"https:\/\/www.egemtv.com\/index.php?rest_route=%2Fwp%2Fv2%2Fmedia&parent=62192"}],"wp:term":[{"taxonomy":"category","embeddable":true,"href":"https:\/\/www.egemtv.com\/index.php?rest_route=%2Fwp%2Fv2%2Fcategories&post=62192"},{"taxonomy":"post_tag","embeddable":true,"href":"https:\/\/www.egemtv.com\/index.php?rest_route=%2Fwp%2Fv2%2Ftags&post=62192"}],"curies":[{"name":"wp","href":"https:\/\/api.w.org\/{rel}","templated":true}]}}