{"id":62189,"date":"2025-10-18T11:54:56","date_gmt":"2025-10-18T08:54:56","guid":{"rendered":"https:\/\/www.egemtv.com\/?p=62189"},"modified":"2025-10-18T11:54:57","modified_gmt":"2025-10-18T08:54:57","slug":"bakan-uraloglu-aydin-denizli-otoyolu-egenin-kalkinma-yoludur","status":"publish","type":"post","link":"https:\/\/www.egemtv.com\/?p=62189","title":{"rendered":"Bakan Uralo\u011flu: &#8220;Ayd\u0131n-Denizli Otoyolu Ege\u2019nin kalk\u0131nma yoludur&#8221;"},"content":{"rendered":"<p>Ula\u015ft\u0131rma ve Altyap\u0131 Bakan\u0131 Abdulkadir Uralo\u011flu, Ayd\u0131n-Denizli Otoyolu\u2019nun hizmete girmesinin birinci y\u0131l\u0131nda yat\u0131r\u0131mlar\u0131n b\u00f6lgesel kalk\u0131nmaya katk\u0131 sa\u011flad\u0131\u011f\u0131n\u0131 vurgulad\u0131.<br \/>\n<br \/>Ula\u015ft\u0131rma ve Altyap\u0131 Bakan\u0131 Abdulkadir Uralo\u011flu, Ege B\u00f6lgesi\u2019nin iki \u00f6nemli \u015fehrini birbirine ba\u011flayan Ayd\u0131n-Denizli Otoyolu\u2019nun hizmete a\u00e7\u0131lmas\u0131n\u0131n birinci y\u0131l d\u00f6n\u00fcm\u00fcn\u00fc sosyal medya hesab\u0131ndan yapt\u0131\u011f\u0131 payla\u015f\u0131mla kutlad\u0131. Bakan Uralo\u011flu payla\u015f\u0131m\u0131nda, otoyolun b\u00f6lge ekonomisine ve ula\u015f\u0131ma sa\u011flad\u0131\u011f\u0131 katk\u0131lara dikkat \u00e7ekerek, &#8220;Ayd\u0131n-Denizli Otoyolu 1 ya\u015f\u0131nda. Ege\u2019nin iki \u00f6nemli \u015fehrini birbirine ba\u011flayan bu yat\u0131r\u0131m\u0131m\u0131zla Ege\u2019nin iki \u00f6nemli \u015fehrini birbirine ba\u011flayan bu yat\u0131r\u0131m\u0131m\u0131zla ula\u015f\u0131m\u0131 h\u0131zland\u0131rd\u0131k, ekonomiye canl\u0131l\u0131k katt\u0131k, b\u00f6lgenin kalk\u0131nmas\u0131na g\u00fc\u00e7 verdik&#8221; ifadelerini kulland\u0131.<br \/>\n<br \/>Ayd\u0131n-Denizli Otoyolu sayesinde Ege B\u00f6lgesi\u2019nin en \u00f6nemli ihracat merkezi konumundaki \u0130zmir Liman\u0131\u2019na, Denizli \u00fczerinden sanayi ve tar\u0131m \u00fcr\u00fcnlerinin \u00e7ok daha k\u0131sa s\u00fcrede nakledilebildi\u011fini belirten Uralo\u011flu, &#8220;Ege B\u00f6lgesi\u2019nin en \u00f6nemli ihracat merkezi konumundaki \u0130zmir Liman\u0131\u2019na Denizli \u00fczerinden sanayi ve tar\u0131m \u00fcr\u00fcnlerini \u00e7ok daha k\u0131sa s\u00fcrede nakledebiliyoruz. Yol medeniyettir, biz yollar\u0131m\u0131z\u0131 b\u00fcy\u00fctmeye devam ediyoruz&#8221; dedi.<br \/><\/p>\n","protected":false},"excerpt":{"rendered":"<p>Ula\u015ft\u0131rma ve Altyap\u0131 Bakan\u0131 Abdulkadir Uralo\u011flu, Ayd\u0131n-Denizli Otoyolu\u2019nun hizmete girmesinin birinci y\u0131l\u0131nda yat\u0131r\u0131mlar\u0131n b\u00f6lgesel kalk\u0131nmaya katk\u0131 sa\u011flad\u0131\u011f\u0131n\u0131 vurgulad\u0131. Ula\u015ft\u0131rma ve Altyap\u0131 Bakan\u0131 Abdulkadir Uralo\u011flu, Ege B\u00f6lgesi\u2019nin iki \u00f6nemli \u015fehrini birbirine ba\u011flayan Ayd\u0131n-Denizli Otoyolu\u2019nun hizmete a\u00e7\u0131lmas\u0131n\u0131n birinci y\u0131l d\u00f6n\u00fcm\u00fcn\u00fc sosyal medya hesab\u0131ndan yapt\u0131\u011f\u0131 payla\u015f\u0131mla kutlad\u0131. Bakan Uralo\u011flu payla\u015f\u0131m\u0131nda, otoyolun b\u00f6lge ekonomisine ve ula\u015f\u0131ma sa\u011flad\u0131\u011f\u0131 katk\u0131lara dikkat&#8230;<\/p>\n","protected":false},"author":1,"featured_media":62190,"comment_status":"open","ping_status":"open","sticky":false,"template":"","format":"standard","meta":{"_crdt_document":"","footnotes":""},"categories":[1],"tags":[],"class_list":["post-62189","post","type-post","status-publish","format-standard","has-post-thumbnail","hentry","category-guncel"],"_links":{"self":[{"href":"https:\/\/www.egemtv.com\/index.php?rest_route=\/wp\/v2\/posts\/62189","targetHints":{"allow":["GET"]}}],"collection":[{"href":"https:\/\/www.egemtv.com\/index.php?rest_route=\/wp\/v2\/posts"}],"about":[{"href":"https:\/\/www.egemtv.com\/index.php?rest_route=\/wp\/v2\/types\/post"}],"author":[{"embeddable":true,"href":"https:\/\/www.egemtv.com\/index.php?rest_route=\/wp\/v2\/users\/1"}],"replies":[{"embeddable":true,"href":"https:\/\/www.egemtv.com\/index.php?rest_route=%2Fwp%2Fv2%2Fcomments&post=62189"}],"version-history":[{"count":1,"href":"https:\/\/www.egemtv.com\/index.php?rest_route=\/wp\/v2\/posts\/62189\/revisions"}],"predecessor-version":[{"id":62191,"href":"https:\/\/www.egemtv.com\/index.php?rest_route=\/wp\/v2\/posts\/62189\/revisions\/62191"}],"wp:featuredmedia":[{"embeddable":true,"href":"https:\/\/www.egemtv.com\/index.php?rest_route=\/wp\/v2\/media\/62190"}],"wp:attachment":[{"href":"https:\/\/www.egemtv.com\/index.php?rest_route=%2Fwp%2Fv2%2Fmedia&parent=62189"}],"wp:term":[{"taxonomy":"category","embeddable":true,"href":"https:\/\/www.egemtv.com\/index.php?rest_route=%2Fwp%2Fv2%2Fcategories&post=62189"},{"taxonomy":"post_tag","embeddable":true,"href":"https:\/\/www.egemtv.com\/index.php?rest_route=%2Fwp%2Fv2%2Ftags&post=62189"}],"curies":[{"name":"wp","href":"https:\/\/api.w.org\/{rel}","templated":true}]}}