{"id":62183,"date":"2025-10-18T11:15:19","date_gmt":"2025-10-18T08:15:19","guid":{"rendered":"https:\/\/www.egemtv.com\/?p=62183"},"modified":"2025-10-18T11:15:20","modified_gmt":"2025-10-18T08:15:20","slug":"dunya-gida-gunu-kutlandi","status":"publish","type":"post","link":"https:\/\/www.egemtv.com\/?p=62183","title":{"rendered":"D\u00fcnya G\u0131da G\u00fcn\u00fc kutland\u0131"},"content":{"rendered":"<p>Afyonkarahisar Tar\u0131m ve Orman \u0130l M\u00fcd\u00fcrl\u00fc\u011f\u00fc taraf\u0131ndan D\u00fcnya G\u0131da G\u00fcn\u00fc kutlamas\u0131 ger\u00e7ekle\u015ftirildi.<br \/>\n<br \/>Ger\u00e7ekle\u015ftirilen kutlama etkinli\u011fi ile ilgili Tar\u0131m ve Orman \u0130l M\u00fcd\u00fcrl\u00fc\u011f\u00fcnden yap\u0131lan yaz\u0131l\u0131 a\u00e7\u0131klamada, &#8220;\u0130limizin \u0130scehisar il\u00e7esi Do\u011fanlar k\u00f6y\u00fcnde bulunan Do\u011fanlar \u0130lkokulu ve \u015eehit \u0130sa Do\u011fan Ortaokulunda, D\u00fcnya G\u0131da G\u00fcn\u00fc \u00e7er\u00e7evesinde bir kutlama program\u0131 d\u00fczenlendi. Programa \u0130scehisar Kaymakam\u0131 Nesrin Uygun ve \u0130l Tar\u0131m ve Orman M\u00fcd\u00fcr\u00fc \u00d6zkan Parlak\u2019da kat\u0131ld\u0131. G\u00fcn\u00fcn anlam ve \u00f6nemine binaen yap\u0131lan konu\u015fmalarda, sa\u011fl\u0131kl\u0131 ve s\u00fcrd\u00fcr\u00fclebilir g\u0131daya eri\u015fimin \u00f6nemi hakk\u0131nda \u00f6\u011frencilere bilgilendirmelerde bulunuldu&#8221; ifadelerine yer verildi.<br \/><\/p>\n","protected":false},"excerpt":{"rendered":"<p>Afyonkarahisar Tar\u0131m ve Orman \u0130l M\u00fcd\u00fcrl\u00fc\u011f\u00fc taraf\u0131ndan D\u00fcnya G\u0131da G\u00fcn\u00fc kutlamas\u0131 ger\u00e7ekle\u015ftirildi. Ger\u00e7ekle\u015ftirilen kutlama etkinli\u011fi ile ilgili Tar\u0131m ve Orman \u0130l M\u00fcd\u00fcrl\u00fc\u011f\u00fcnden yap\u0131lan yaz\u0131l\u0131 a\u00e7\u0131klamada, &#8220;\u0130limizin \u0130scehisar il\u00e7esi Do\u011fanlar k\u00f6y\u00fcnde bulunan Do\u011fanlar \u0130lkokulu ve \u015eehit \u0130sa Do\u011fan Ortaokulunda, D\u00fcnya G\u0131da G\u00fcn\u00fc \u00e7er\u00e7evesinde bir kutlama program\u0131 d\u00fczenlendi. Programa \u0130scehisar Kaymakam\u0131 Nesrin Uygun ve \u0130l Tar\u0131m ve&#8230;<\/p>\n","protected":false},"author":1,"featured_media":62184,"comment_status":"open","ping_status":"open","sticky":false,"template":"","format":"standard","meta":{"_crdt_document":"","footnotes":""},"categories":[1],"tags":[],"class_list":["post-62183","post","type-post","status-publish","format-standard","has-post-thumbnail","hentry","category-guncel"],"_links":{"self":[{"href":"https:\/\/www.egemtv.com\/index.php?rest_route=\/wp\/v2\/posts\/62183","targetHints":{"allow":["GET"]}}],"collection":[{"href":"https:\/\/www.egemtv.com\/index.php?rest_route=\/wp\/v2\/posts"}],"about":[{"href":"https:\/\/www.egemtv.com\/index.php?rest_route=\/wp\/v2\/types\/post"}],"author":[{"embeddable":true,"href":"https:\/\/www.egemtv.com\/index.php?rest_route=\/wp\/v2\/users\/1"}],"replies":[{"embeddable":true,"href":"https:\/\/www.egemtv.com\/index.php?rest_route=%2Fwp%2Fv2%2Fcomments&post=62183"}],"version-history":[{"count":1,"href":"https:\/\/www.egemtv.com\/index.php?rest_route=\/wp\/v2\/posts\/62183\/revisions"}],"predecessor-version":[{"id":62185,"href":"https:\/\/www.egemtv.com\/index.php?rest_route=\/wp\/v2\/posts\/62183\/revisions\/62185"}],"wp:featuredmedia":[{"embeddable":true,"href":"https:\/\/www.egemtv.com\/index.php?rest_route=\/wp\/v2\/media\/62184"}],"wp:attachment":[{"href":"https:\/\/www.egemtv.com\/index.php?rest_route=%2Fwp%2Fv2%2Fmedia&parent=62183"}],"wp:term":[{"taxonomy":"category","embeddable":true,"href":"https:\/\/www.egemtv.com\/index.php?rest_route=%2Fwp%2Fv2%2Fcategories&post=62183"},{"taxonomy":"post_tag","embeddable":true,"href":"https:\/\/www.egemtv.com\/index.php?rest_route=%2Fwp%2Fv2%2Ftags&post=62183"}],"curies":[{"name":"wp","href":"https:\/\/api.w.org\/{rel}","templated":true}]}}