{"id":62180,"date":"2025-10-18T11:15:18","date_gmt":"2025-10-18T08:15:18","guid":{"rendered":"https:\/\/www.egemtv.com\/?p=62180"},"modified":"2025-10-18T11:15:19","modified_gmt":"2025-10-18T08:15:19","slug":"farkli-suclardan-20-yil-hapis-cezasiyla-aranan-sahsi-jandarma-yakaladi","status":"publish","type":"post","link":"https:\/\/www.egemtv.com\/?p=62180","title":{"rendered":"Farkl\u0131 su\u00e7lardan 20 y\u0131l hapis cezas\u0131yla aranan \u015fahs\u0131 jandarma yakalad\u0131"},"content":{"rendered":"<p>Afyonkarahisar\u2019da farkl\u0131 su\u00e7lardan 20 y\u0131l hapis cezas\u0131yla aranan \u015fah\u0131s jandarma taraf\u0131ndan yakaland\u0131.<br \/>\n<br \/>Edinilen bilgilere g\u00f6re, Afyonkarahisar \u0130l Jandarma Komutanl\u0131\u011f\u0131 ekipleri aranan \u015fah\u0131slar\u0131n yakalanmas\u0131na y\u00f6nelik \u00e7al\u0131\u015fma ba\u015flatt\u0131. Yap\u0131lan incelemelerde A.B., isimli \u015fahs\u0131n \u2018h\u00fck\u00fcml\u00fc veya tutuklunun ka\u00e7mas\u0131, bina i\u00e7inde muhafaza alt\u0131na al\u0131nm\u0131\u015f olan e\u015fya hakk\u0131nda h\u0131rs\u0131zl\u0131k ve uyu\u015fturucu veya uyar\u0131c\u0131 madde ticareti yapma veya sa\u011flama su\u00e7lar\u0131ndan\u2019 20 y\u0131l hapis cezas\u0131yla arand\u0131\u011f\u0131 tespit edildi. Ard\u0131ndan \u015fahs\u0131n pe\u015fine d\u00fc\u015fen ekipler \u015f\u00fcpheliyi kent merkezinde yakalayarak g\u00f6zalt\u0131na ald\u0131. \u015eah\u0131s i\u015flemlerinin ard\u0131ndan sevk edildi\u011fi mahkeme taraf\u0131ndan tutuklanarak cezaevine g\u00f6nderildi.<br \/><\/p>\n","protected":false},"excerpt":{"rendered":"<p>Afyonkarahisar\u2019da farkl\u0131 su\u00e7lardan 20 y\u0131l hapis cezas\u0131yla aranan \u015fah\u0131s jandarma taraf\u0131ndan yakaland\u0131. Edinilen bilgilere g\u00f6re, Afyonkarahisar \u0130l Jandarma Komutanl\u0131\u011f\u0131 ekipleri aranan \u015fah\u0131slar\u0131n yakalanmas\u0131na y\u00f6nelik \u00e7al\u0131\u015fma ba\u015flatt\u0131. Yap\u0131lan incelemelerde A.B., isimli \u015fahs\u0131n \u2018h\u00fck\u00fcml\u00fc veya tutuklunun ka\u00e7mas\u0131, bina i\u00e7inde muhafaza alt\u0131na al\u0131nm\u0131\u015f olan e\u015fya hakk\u0131nda h\u0131rs\u0131zl\u0131k ve uyu\u015fturucu veya uyar\u0131c\u0131 madde ticareti yapma veya sa\u011flama su\u00e7lar\u0131ndan\u2019 20&#8230;<\/p>\n","protected":false},"author":1,"featured_media":62181,"comment_status":"open","ping_status":"open","sticky":false,"template":"","format":"standard","meta":{"_crdt_document":"","footnotes":""},"categories":[5],"tags":[],"class_list":["post-62180","post","type-post","status-publish","format-standard","has-post-thumbnail","hentry","category-asayis"],"_links":{"self":[{"href":"https:\/\/www.egemtv.com\/index.php?rest_route=\/wp\/v2\/posts\/62180","targetHints":{"allow":["GET"]}}],"collection":[{"href":"https:\/\/www.egemtv.com\/index.php?rest_route=\/wp\/v2\/posts"}],"about":[{"href":"https:\/\/www.egemtv.com\/index.php?rest_route=\/wp\/v2\/types\/post"}],"author":[{"embeddable":true,"href":"https:\/\/www.egemtv.com\/index.php?rest_route=\/wp\/v2\/users\/1"}],"replies":[{"embeddable":true,"href":"https:\/\/www.egemtv.com\/index.php?rest_route=%2Fwp%2Fv2%2Fcomments&post=62180"}],"version-history":[{"count":1,"href":"https:\/\/www.egemtv.com\/index.php?rest_route=\/wp\/v2\/posts\/62180\/revisions"}],"predecessor-version":[{"id":62182,"href":"https:\/\/www.egemtv.com\/index.php?rest_route=\/wp\/v2\/posts\/62180\/revisions\/62182"}],"wp:featuredmedia":[{"embeddable":true,"href":"https:\/\/www.egemtv.com\/index.php?rest_route=\/wp\/v2\/media\/62181"}],"wp:attachment":[{"href":"https:\/\/www.egemtv.com\/index.php?rest_route=%2Fwp%2Fv2%2Fmedia&parent=62180"}],"wp:term":[{"taxonomy":"category","embeddable":true,"href":"https:\/\/www.egemtv.com\/index.php?rest_route=%2Fwp%2Fv2%2Fcategories&post=62180"},{"taxonomy":"post_tag","embeddable":true,"href":"https:\/\/www.egemtv.com\/index.php?rest_route=%2Fwp%2Fv2%2Ftags&post=62180"}],"curies":[{"name":"wp","href":"https:\/\/api.w.org\/{rel}","templated":true}]}}