{"id":62177,"date":"2025-10-18T11:15:17","date_gmt":"2025-10-18T08:15:17","guid":{"rendered":"https:\/\/www.egemtv.com\/?p=62177"},"modified":"2025-10-18T11:15:18","modified_gmt":"2025-10-18T08:15:18","slug":"izmirde-eglence-mekaninda-faciaya-kil-payi-6-yarali","status":"publish","type":"post","link":"https:\/\/www.egemtv.com\/?p=62177","title":{"rendered":"\u0130zmir\u2019de e\u011flence mekan\u0131nda faciaya k\u0131l pay\u0131: 6 yaral\u0131"},"content":{"rendered":"<p>\u0130zmir\u2019in Bornova il\u00e7esinde bulunan bir e\u011flence mekan\u0131nda dekor duvar\u0131n \u00e7\u00f6kt\u00fc ve meydana gelen olayda 6 ki\u015fi yaraland\u0131.<br \/>\n<br \/>Olay d\u00fcn ak\u015fam saatlerinde Kaz\u0131mdirik Mahallesi\u2019ndeki bir e\u011flence mekan\u0131nda meydana geldi. Mekanda bulunan dekor duvar, hen\u00fcz belirlenemeyen bir sebepten dolay\u0131 m\u00fc\u015fterilerin \u00fczerine \u00e7\u00f6kt\u00fc. Olay\u0131n bildirilmesi \u00fczerine e\u011flence mekan\u0131na \u00e7ok say\u0131da polis ve sa\u011fl\u0131k ekibi y\u00f6nlendirildi.<br \/>\n<br \/>Meydana gelen olayda yaralanan 6 m\u00fc\u015fteri, sa\u011fl\u0131k ekipleri taraf\u0131ndan ambulansla Ege \u00dcniversitesi T\u0131p Fak\u00fcltesi Hastanesine kald\u0131r\u0131ld\u0131. Olayla ilgili soru\u015fturma ba\u015flat\u0131ld\u0131.<br \/><\/p>\n","protected":false},"excerpt":{"rendered":"<p>\u0130zmir\u2019in Bornova il\u00e7esinde bulunan bir e\u011flence mekan\u0131nda dekor duvar\u0131n \u00e7\u00f6kt\u00fc ve meydana gelen olayda 6 ki\u015fi yaraland\u0131. Olay d\u00fcn ak\u015fam saatlerinde Kaz\u0131mdirik Mahallesi\u2019ndeki bir e\u011flence mekan\u0131nda meydana geldi. Mekanda bulunan dekor duvar, hen\u00fcz belirlenemeyen bir sebepten dolay\u0131 m\u00fc\u015fterilerin \u00fczerine \u00e7\u00f6kt\u00fc. Olay\u0131n bildirilmesi \u00fczerine e\u011flence mekan\u0131na \u00e7ok say\u0131da polis ve sa\u011fl\u0131k ekibi y\u00f6nlendirildi. Meydana gelen olayda&#8230;<\/p>\n","protected":false},"author":1,"featured_media":62178,"comment_status":"open","ping_status":"open","sticky":false,"template":"","format":"standard","meta":{"_crdt_document":"","footnotes":""},"categories":[5],"tags":[],"class_list":["post-62177","post","type-post","status-publish","format-standard","has-post-thumbnail","hentry","category-asayis"],"_links":{"self":[{"href":"https:\/\/www.egemtv.com\/index.php?rest_route=\/wp\/v2\/posts\/62177","targetHints":{"allow":["GET"]}}],"collection":[{"href":"https:\/\/www.egemtv.com\/index.php?rest_route=\/wp\/v2\/posts"}],"about":[{"href":"https:\/\/www.egemtv.com\/index.php?rest_route=\/wp\/v2\/types\/post"}],"author":[{"embeddable":true,"href":"https:\/\/www.egemtv.com\/index.php?rest_route=\/wp\/v2\/users\/1"}],"replies":[{"embeddable":true,"href":"https:\/\/www.egemtv.com\/index.php?rest_route=%2Fwp%2Fv2%2Fcomments&post=62177"}],"version-history":[{"count":1,"href":"https:\/\/www.egemtv.com\/index.php?rest_route=\/wp\/v2\/posts\/62177\/revisions"}],"predecessor-version":[{"id":62179,"href":"https:\/\/www.egemtv.com\/index.php?rest_route=\/wp\/v2\/posts\/62177\/revisions\/62179"}],"wp:featuredmedia":[{"embeddable":true,"href":"https:\/\/www.egemtv.com\/index.php?rest_route=\/wp\/v2\/media\/62178"}],"wp:attachment":[{"href":"https:\/\/www.egemtv.com\/index.php?rest_route=%2Fwp%2Fv2%2Fmedia&parent=62177"}],"wp:term":[{"taxonomy":"category","embeddable":true,"href":"https:\/\/www.egemtv.com\/index.php?rest_route=%2Fwp%2Fv2%2Fcategories&post=62177"},{"taxonomy":"post_tag","embeddable":true,"href":"https:\/\/www.egemtv.com\/index.php?rest_route=%2Fwp%2Fv2%2Ftags&post=62177"}],"curies":[{"name":"wp","href":"https:\/\/api.w.org\/{rel}","templated":true}]}}