{"id":62168,"date":"2025-10-18T10:54:51","date_gmt":"2025-10-18T07:54:51","guid":{"rendered":"https:\/\/www.egemtv.com\/?p=62168"},"modified":"2025-10-18T10:54:52","modified_gmt":"2025-10-18T07:54:52","slug":"kutahyanin-istiklal-mahallesine-yeni-muhtarlik-hizmet-binasi","status":"publish","type":"post","link":"https:\/\/www.egemtv.com\/?p=62168","title":{"rendered":"K\u00fctahya\u2019n\u0131n \u0130stiklal Mahallesi\u2019ne yeni muhtarl\u0131k hizmet binas\u0131"},"content":{"rendered":"<p>K\u00fctahya Belediye Ba\u015fkan\u0131 Ey\u00fcp Kahveci, se\u00e7im \u00f6ncesi verdi\u011fi s\u00f6z\u00fc tutarak mahalleye modern bir muhtarl\u0131k binas\u0131 kazand\u0131rd\u0131.<br \/>\n<br \/>Kahveci, se\u00e7im \u00f6ncesi muhtarlar ve vatanda\u015flarla yapt\u0131\u011f\u0131 g\u00f6r\u00fc\u015fmelerde s\u00f6z\u00fcn\u00fc verdi\u011fi \u0130stiklal Mahallesi Muhtarl\u0131k Hizmet Binas\u0131n\u0131n a\u00e7\u0131l\u0131\u015f\u0131n\u0131 ger\u00e7ekle\u015ftirdi.<br \/>\n<br \/>Yakla\u015f\u0131k 40 metrekare b\u00fcy\u00fckl\u00fc\u011f\u00fcndeki yeni muhtarl\u0131k binas\u0131nda ihtiyaca uygun \u015fekilde d\u00fczenlenmi\u015f mutfak ve tuvalet b\u00f6l\u00fcmleri bulunuyor. Ayr\u0131ca, Zafer Camii yan\u0131nda 30 metrekarelik, i\u00e7erisinde 2 bay, 2 bayan ve 1 engelli WC bulunan yeni bir yap\u0131n\u0131n da hizmete sunuldu\u011fu belirtildi. \u00c7evresinde yap\u0131lan peyzaj d\u00fczenlemeleriyle de mahallenin esteti\u011fine katk\u0131 sa\u011fland\u0131.<br \/>\n<br \/>A\u00e7\u0131l\u0131\u015fta konu\u015fan Kahveci, muhtarl\u0131k binalar\u0131n\u0131n belediye ile vatanda\u015f aras\u0131nda \u00f6nemli bir k\u00f6pr\u00fc oldu\u011funu vurgulad\u0131: &#8220;Mahallelerimizin nabz\u0131n\u0131 tutuyor, her kesimin sesini dinliyor, ihtiya\u00e7lara en uygun \u00e7\u00f6z\u00fcmleri \u00fcretiyoruz. Muhtarlar\u0131m\u0131z, vatanda\u015flar\u0131m\u0131zla belediyemiz aras\u0131ndaki en g\u00fc\u00e7l\u00fc ba\u011fd\u0131r. Muhtarlar\u0131m\u0131z\u0131n imkanlar\u0131 ne kadar fazla olursa, mahallelerimiz o kadar huzurlu olur. Bug\u00fcn a\u00e7\u0131l\u0131\u015f\u0131n\u0131 yapt\u0131\u011f\u0131m\u0131z bu bina da bu anlay\u0131\u015f\u0131n \u00fcr\u00fcn\u00fcd\u00fcr.&#8221;<br \/>\n<br \/>Kahveci, belediyenin hedefinin her mahalleyi e\u015fit \u015fekilde kalk\u0131nd\u0131rmak oldu\u011funu belirterek \u015f\u00f6yle konu\u015ftu:<br \/>\n<br \/>&#8220;Biz K\u00fctahya\u2019m\u0131z\u0131 par\u00e7a par\u00e7a de\u011fil, bir b\u00fct\u00fcn olarak g\u00f6r\u00fcyoruz. Her mahallemizin, her soka\u011f\u0131m\u0131z\u0131n, her vatanda\u015f\u0131m\u0131z\u0131n bizim i\u00e7in ayr\u0131 bir de\u011feri var. Att\u0131\u011f\u0131m\u0131z her ad\u0131mda insan\u0131 merkezine alan bir belediyecilik anlay\u0131\u015f\u0131 benimsiyoruz. Bu m\u00fctevaz\u0131 ama anlaml\u0131 yap\u0131, daha b\u00fcy\u00fck bir vizyonun k\u00fc\u00e7\u00fck bir yans\u0131mas\u0131d\u0131r: Ya\u015fanabilir, modern, huzurlu ve mutlu bir K\u00fctahya vizyonu.&#8221;<br \/><\/p>\n","protected":false},"excerpt":{"rendered":"<p>K\u00fctahya Belediye Ba\u015fkan\u0131 Ey\u00fcp Kahveci, se\u00e7im \u00f6ncesi verdi\u011fi s\u00f6z\u00fc tutarak mahalleye modern bir muhtarl\u0131k binas\u0131 kazand\u0131rd\u0131. Kahveci, se\u00e7im \u00f6ncesi muhtarlar ve vatanda\u015flarla yapt\u0131\u011f\u0131 g\u00f6r\u00fc\u015fmelerde s\u00f6z\u00fcn\u00fc verdi\u011fi \u0130stiklal Mahallesi Muhtarl\u0131k Hizmet Binas\u0131n\u0131n a\u00e7\u0131l\u0131\u015f\u0131n\u0131 ger\u00e7ekle\u015ftirdi. Yakla\u015f\u0131k 40 metrekare b\u00fcy\u00fckl\u00fc\u011f\u00fcndeki yeni muhtarl\u0131k binas\u0131nda ihtiyaca uygun \u015fekilde d\u00fczenlenmi\u015f mutfak ve tuvalet b\u00f6l\u00fcmleri bulunuyor. Ayr\u0131ca, Zafer Camii yan\u0131nda 30 metrekarelik,&#8230;<\/p>\n","protected":false},"author":1,"featured_media":62169,"comment_status":"open","ping_status":"open","sticky":false,"template":"","format":"standard","meta":{"_crdt_document":"","footnotes":""},"categories":[123],"tags":[],"class_list":["post-62168","post","type-post","status-publish","format-standard","has-post-thumbnail","hentry","category-gundem"],"_links":{"self":[{"href":"https:\/\/www.egemtv.com\/index.php?rest_route=\/wp\/v2\/posts\/62168","targetHints":{"allow":["GET"]}}],"collection":[{"href":"https:\/\/www.egemtv.com\/index.php?rest_route=\/wp\/v2\/posts"}],"about":[{"href":"https:\/\/www.egemtv.com\/index.php?rest_route=\/wp\/v2\/types\/post"}],"author":[{"embeddable":true,"href":"https:\/\/www.egemtv.com\/index.php?rest_route=\/wp\/v2\/users\/1"}],"replies":[{"embeddable":true,"href":"https:\/\/www.egemtv.com\/index.php?rest_route=%2Fwp%2Fv2%2Fcomments&post=62168"}],"version-history":[{"count":1,"href":"https:\/\/www.egemtv.com\/index.php?rest_route=\/wp\/v2\/posts\/62168\/revisions"}],"predecessor-version":[{"id":62170,"href":"https:\/\/www.egemtv.com\/index.php?rest_route=\/wp\/v2\/posts\/62168\/revisions\/62170"}],"wp:featuredmedia":[{"embeddable":true,"href":"https:\/\/www.egemtv.com\/index.php?rest_route=\/wp\/v2\/media\/62169"}],"wp:attachment":[{"href":"https:\/\/www.egemtv.com\/index.php?rest_route=%2Fwp%2Fv2%2Fmedia&parent=62168"}],"wp:term":[{"taxonomy":"category","embeddable":true,"href":"https:\/\/www.egemtv.com\/index.php?rest_route=%2Fwp%2Fv2%2Fcategories&post=62168"},{"taxonomy":"post_tag","embeddable":true,"href":"https:\/\/www.egemtv.com\/index.php?rest_route=%2Fwp%2Fv2%2Ftags&post=62168"}],"curies":[{"name":"wp","href":"https:\/\/api.w.org\/{rel}","templated":true}]}}