{"id":62162,"date":"2025-10-18T09:55:06","date_gmt":"2025-10-18T06:55:06","guid":{"rendered":"https:\/\/www.egemtv.com\/?p=62162"},"modified":"2025-10-18T09:55:07","modified_gmt":"2025-10-18T06:55:07","slug":"germencikte-muhtarlar-bilgilendirildi","status":"publish","type":"post","link":"https:\/\/www.egemtv.com\/?p=62162","title":{"rendered":"Germencik\u2019te muhtarlar bilgilendirildi"},"content":{"rendered":"<p>Ayd\u0131n\u2019\u0131n Germencik il\u00e7esinde muhtarlara y\u00f6nelik d\u00fczenlenen toplant\u0131da, Tar\u0131m Say\u0131m\u0131 kapsam\u0131nda y\u00fcr\u00fct\u00fclecek arazi tespit \u00e7al\u0131\u015fmalar\u0131 ve tar\u0131msal verilerin g\u00fcncellenmesi s\u00fcreci hakk\u0131nda bilgilendirme yap\u0131ld\u0131.<\/p>\n<p>Ayd\u0131n \u0130l Tar\u0131m ve Orman M\u00fcd\u00fcrl\u00fc\u011f\u00fc taraf\u0131ndan y\u00fcr\u00fct\u00fclen Tar\u0131m Say\u0131m\u0131 \u00e7al\u0131\u015fmalar\u0131 kapsam\u0131nda, resen kay\u0131tl\u0131 arazilerin tespitine y\u00f6nelik yap\u0131lacak uygulamalar hakk\u0131nda Germencik mahalle muhtarlar\u0131na bilgilendirme toplant\u0131s\u0131 d\u00fczenlendi. Toplant\u0131 \u00f6ncesinde \u0130l Koordinat\u00f6rleri Ertan \u00d6zdemir ve Murat \u015eahin ile Koordinasyon ve Tar\u0131msal Veriler \u015eube M\u00fcd\u00fcr\u00fc Mustafa \u00d6zsemerci, Germencik Kaymakam\u0131 Sultan Do\u011fru\u2019yu ziyaret ederek \u00e7al\u0131\u015fmalar hakk\u0131nda bilgi verdi. Germencik Kaymakam\u0131 Sultan Do\u011fru\u2019nun da kat\u0131l\u0131m sa\u011flad\u0131\u011f\u0131 toplant\u0131da, \u0130l\u00e7e Tar\u0131m ve Orman M\u00fcd\u00fcr\u00fc \u0130lknur Kavas ve konu sorumlusu personel taraf\u0131ndan muhtarlara tar\u0131msal verilerin g\u00fcncellenmesi, arazi tespit s\u00fcre\u00e7leri ve sahada y\u00fcr\u00fct\u00fclecek \u00e7al\u0131\u015fmalar hakk\u0131nda detayl\u0131 bilgiler aktar\u0131ld\u0131.<br \/><\/p>\n","protected":false},"excerpt":{"rendered":"<p>Ayd\u0131n\u2019\u0131n Germencik il\u00e7esinde muhtarlara y\u00f6nelik d\u00fczenlenen toplant\u0131da, Tar\u0131m Say\u0131m\u0131 kapsam\u0131nda y\u00fcr\u00fct\u00fclecek arazi tespit \u00e7al\u0131\u015fmalar\u0131 ve tar\u0131msal verilerin g\u00fcncellenmesi s\u00fcreci hakk\u0131nda bilgilendirme yap\u0131ld\u0131. Ayd\u0131n \u0130l Tar\u0131m ve Orman M\u00fcd\u00fcrl\u00fc\u011f\u00fc taraf\u0131ndan y\u00fcr\u00fct\u00fclen Tar\u0131m Say\u0131m\u0131 \u00e7al\u0131\u015fmalar\u0131 kapsam\u0131nda, resen kay\u0131tl\u0131 arazilerin tespitine y\u00f6nelik yap\u0131lacak uygulamalar hakk\u0131nda Germencik mahalle muhtarlar\u0131na bilgilendirme toplant\u0131s\u0131 d\u00fczenlendi. Toplant\u0131 \u00f6ncesinde \u0130l Koordinat\u00f6rleri Ertan \u00d6zdemir ve&#8230;<\/p>\n","protected":false},"author":1,"featured_media":62163,"comment_status":"open","ping_status":"open","sticky":false,"template":"","format":"standard","meta":{"_crdt_document":"","footnotes":""},"categories":[1],"tags":[],"class_list":["post-62162","post","type-post","status-publish","format-standard","has-post-thumbnail","hentry","category-guncel"],"_links":{"self":[{"href":"https:\/\/www.egemtv.com\/index.php?rest_route=\/wp\/v2\/posts\/62162","targetHints":{"allow":["GET"]}}],"collection":[{"href":"https:\/\/www.egemtv.com\/index.php?rest_route=\/wp\/v2\/posts"}],"about":[{"href":"https:\/\/www.egemtv.com\/index.php?rest_route=\/wp\/v2\/types\/post"}],"author":[{"embeddable":true,"href":"https:\/\/www.egemtv.com\/index.php?rest_route=\/wp\/v2\/users\/1"}],"replies":[{"embeddable":true,"href":"https:\/\/www.egemtv.com\/index.php?rest_route=%2Fwp%2Fv2%2Fcomments&post=62162"}],"version-history":[{"count":1,"href":"https:\/\/www.egemtv.com\/index.php?rest_route=\/wp\/v2\/posts\/62162\/revisions"}],"predecessor-version":[{"id":62164,"href":"https:\/\/www.egemtv.com\/index.php?rest_route=\/wp\/v2\/posts\/62162\/revisions\/62164"}],"wp:featuredmedia":[{"embeddable":true,"href":"https:\/\/www.egemtv.com\/index.php?rest_route=\/wp\/v2\/media\/62163"}],"wp:attachment":[{"href":"https:\/\/www.egemtv.com\/index.php?rest_route=%2Fwp%2Fv2%2Fmedia&parent=62162"}],"wp:term":[{"taxonomy":"category","embeddable":true,"href":"https:\/\/www.egemtv.com\/index.php?rest_route=%2Fwp%2Fv2%2Fcategories&post=62162"},{"taxonomy":"post_tag","embeddable":true,"href":"https:\/\/www.egemtv.com\/index.php?rest_route=%2Fwp%2Fv2%2Ftags&post=62162"}],"curies":[{"name":"wp","href":"https:\/\/api.w.org\/{rel}","templated":true}]}}