{"id":62159,"date":"2025-10-18T09:37:02","date_gmt":"2025-10-18T06:37:02","guid":{"rendered":"https:\/\/www.egemtv.com\/?p=62159"},"modified":"2025-10-18T09:37:03","modified_gmt":"2025-10-18T06:37:03","slug":"aydinda-arac-sayisi-657-bin-oldu","status":"publish","type":"post","link":"https:\/\/www.egemtv.com\/?p=62159","title":{"rendered":"Ayd\u0131n\u2019da ara\u00e7 say\u0131s\u0131 657 bin oldu"},"content":{"rendered":"<p>Ayd\u0131n\u2019da Eyl\u00fcl ay\u0131nda toplam ara\u00e7 say\u0131s\u0131 657 bin 991 oldu, 13 bin 602 arac\u0131n ise devri yap\u0131ld\u0131.<br \/>\n<br \/>T\u00fcrkiye \u0130statistik Kurumu (T\u00dc\u0130K) 2025 y\u0131l\u0131 Eyl\u00fcl ay\u0131 Motorlu Kara Ta\u015f\u0131tlar\u0131 \u0130statistikleri\u2019ni yay\u0131mlad\u0131. Bu \u00e7er\u00e7evede Ayd\u0131n\u2019da 2025 y\u0131l\u0131 Eyl\u00fcl ay\u0131nda ara\u00e7 say\u0131s\u0131 235 bin 184 otomobil, 11 bin 194 minib\u00fcs, 2 bin 790 otob\u00fcs, 88 bin 925 kamyonet, 10 bin 835 kamyon, 246 bin 344 motosiklet, bin 454 \u00f6zel ama\u00e7l\u0131 ta\u015f\u0131t ve 61 bin 265 trakt\u00f6r olmak \u00fczere toplam 657 bin 991 oldu.<br \/>\n<br \/>Ayd\u0131n\u2019da 2025 Eyl\u00fcl ay\u0131nda toplamda 13 bin 602 arac\u0131n ise devri yap\u0131ld\u0131. Bunlar\u0131n 7 bin 505\u2019i otomobil, 198\u2019i minib\u00fcs, 48\u2019i otob\u00fcs, 2 bin 99\u2019u kamyonet, 162\u2019si kamyon, 2 bin 952\u2019si motosiklet, 35\u2019i \u00f6zel ama\u00e7l\u0131 ta\u015f\u0131t ve 603\u2019\u00fc trakt\u00f6r olarak ger\u00e7ekle\u015fti.<br \/>\n<br \/>Ayr\u0131ca 2025 Eyl\u00fcl ay\u0131nda 3 bin 888 arac\u0131n trafi\u011fe kayd\u0131 yap\u0131ld\u0131. Bunlar\u0131n 812\u2019si otomobil, 10\u2019u minib\u00fcs, 1\u2019i otob\u00fcs, 206\u2019s\u0131 kamyonet, 13\u2019\u00fc kamyon, 2 bin 793\u2019\u00fc motosiklet, 1\u2019i \u00f6zel ama\u00e7l\u0131 ta\u015f\u0131t ve 52\u2019si trakt\u00f6r olarak ger\u00e7ekle\u015fti.<br \/><\/p>\n","protected":false},"excerpt":{"rendered":"<p>Ayd\u0131n\u2019da Eyl\u00fcl ay\u0131nda toplam ara\u00e7 say\u0131s\u0131 657 bin 991 oldu, 13 bin 602 arac\u0131n ise devri yap\u0131ld\u0131. T\u00fcrkiye \u0130statistik Kurumu (T\u00dc\u0130K) 2025 y\u0131l\u0131 Eyl\u00fcl ay\u0131 Motorlu Kara Ta\u015f\u0131tlar\u0131 \u0130statistikleri\u2019ni yay\u0131mlad\u0131. Bu \u00e7er\u00e7evede Ayd\u0131n\u2019da 2025 y\u0131l\u0131 Eyl\u00fcl ay\u0131nda ara\u00e7 say\u0131s\u0131 235 bin 184 otomobil, 11 bin 194 minib\u00fcs, 2 bin 790 otob\u00fcs, 88 bin 925 kamyonet,&#8230;<\/p>\n","protected":false},"author":1,"featured_media":62160,"comment_status":"open","ping_status":"open","sticky":false,"template":"","format":"standard","meta":{"_crdt_document":"","footnotes":""},"categories":[125],"tags":[],"class_list":["post-62159","post","type-post","status-publish","format-standard","has-post-thumbnail","hentry","category-ekonomi"],"_links":{"self":[{"href":"https:\/\/www.egemtv.com\/index.php?rest_route=\/wp\/v2\/posts\/62159","targetHints":{"allow":["GET"]}}],"collection":[{"href":"https:\/\/www.egemtv.com\/index.php?rest_route=\/wp\/v2\/posts"}],"about":[{"href":"https:\/\/www.egemtv.com\/index.php?rest_route=\/wp\/v2\/types\/post"}],"author":[{"embeddable":true,"href":"https:\/\/www.egemtv.com\/index.php?rest_route=\/wp\/v2\/users\/1"}],"replies":[{"embeddable":true,"href":"https:\/\/www.egemtv.com\/index.php?rest_route=%2Fwp%2Fv2%2Fcomments&post=62159"}],"version-history":[{"count":1,"href":"https:\/\/www.egemtv.com\/index.php?rest_route=\/wp\/v2\/posts\/62159\/revisions"}],"predecessor-version":[{"id":62161,"href":"https:\/\/www.egemtv.com\/index.php?rest_route=\/wp\/v2\/posts\/62159\/revisions\/62161"}],"wp:featuredmedia":[{"embeddable":true,"href":"https:\/\/www.egemtv.com\/index.php?rest_route=\/wp\/v2\/media\/62160"}],"wp:attachment":[{"href":"https:\/\/www.egemtv.com\/index.php?rest_route=%2Fwp%2Fv2%2Fmedia&parent=62159"}],"wp:term":[{"taxonomy":"category","embeddable":true,"href":"https:\/\/www.egemtv.com\/index.php?rest_route=%2Fwp%2Fv2%2Fcategories&post=62159"},{"taxonomy":"post_tag","embeddable":true,"href":"https:\/\/www.egemtv.com\/index.php?rest_route=%2Fwp%2Fv2%2Ftags&post=62159"}],"curies":[{"name":"wp","href":"https:\/\/api.w.org\/{rel}","templated":true}]}}