{"id":62153,"date":"2025-10-18T08:14:47","date_gmt":"2025-10-18T05:14:47","guid":{"rendered":"https:\/\/www.egemtv.com\/?p=62153"},"modified":"2025-10-18T08:14:48","modified_gmt":"2025-10-18T05:14:48","slug":"ugurlular-tekstil-2000-fidanlik-2-ugurlular-ormani-ile-gelecege-nefes-verdi","status":"publish","type":"post","link":"https:\/\/www.egemtv.com\/?p=62153","title":{"rendered":"U\u011furlular Tekstil 2000 fidanl\u0131k 2. U\u011furlular Orman\u0131 ile gelece\u011fe nefes verdi"},"content":{"rendered":"<p>\u0130plik \u00fcretiminde T\u00fcrkiye\u2019nin \u00f6nde gelen firmalar\u0131ndan U\u011furlular Tekstil, \u00e7evreye duyarl\u0131l\u0131\u011f\u0131 ve s\u00fcrd\u00fcr\u00fclebilirlik odakl\u0131 \u00fcretim anlay\u0131\u015f\u0131yla yaln\u0131zca tekstil sekt\u00f6r\u00fcnde de\u011fil, toplumsal sorumluluk alan\u0131nda da \u00f6rnek g\u00f6sterilen bir marka konumunda olmaya devam ediyor. Artan orman yang\u0131nlar\u0131yla birlikte do\u011fal kaynaklar\u0131n korunmas\u0131n\u0131n hayati \u00f6nem ta\u015f\u0131d\u0131\u011f\u0131 bir d\u00f6nemde, do\u011faya olan borcunu unutmayarak Do\u011fa ve \u00c7evre Vakf\u0131\u2019na (DO\u00c7EV) 2 bin fidan ba\u011f\u0131\u015f\u0131nda bulunan U\u011furlular Tekstil, 2. U\u011furlular Orman\u0131\u2019n\u0131 olu\u015fturarak \u00e7evreye olan sorumlulu\u011funu bir kez daha somut bir ad\u0131mla ortaya koydu.<\/p>\n<p>Do\u011fal kaynaklar\u0131n bilin\u00e7li kullan\u0131m\u0131 ve \u00e7evresel sorumluluk konusunda kararl\u0131 ad\u0131mlar atan firma, s\u00fcrd\u00fcr\u00fclebilirli\u011fi sadece bir hedef de\u011fil, kurumsal bir ilke olarak benimsiyor. Bu do\u011frultuda \u00e7evreye duyarl\u0131 projelere \u00f6nc\u00fcl\u00fck ederken, sivil toplum kurulu\u015flar\u0131 ve \u00e7evre g\u00f6n\u00fcll\u00fcleriyle de g\u00fc\u00e7l\u00fc i\u015f birlikleri kuruyor. U\u011furlular Tekstil Y\u00f6netim Kurulu \u00dcyesi Osman U\u011furlu, do\u011fay\u0131 koruman\u0131n gelece\u011fe yap\u0131lan en de\u011ferli yat\u0131r\u0131m oldu\u011funa dikkat \u00e7ekerek, &#8220;\u00c7evre i\u00e7in att\u0131\u011f\u0131m\u0131z her ad\u0131m, \u00e7ocuklar\u0131m\u0131za b\u0131rakaca\u011f\u0131m\u0131z temiz bir d\u00fcnyan\u0131n teminat\u0131d\u0131r. Topra\u011fa d\u00fc\u015fen her tohum, yar\u0131nlar\u0131n nefesidir. Biz, do\u011fan\u0131n \u00f6z\u00fcndeki dengeyi g\u00f6zeterek, onun ritmiyle uyum i\u00e7inde var olman\u0131n ve gelece\u011fe kal\u0131c\u0131 bir miras b\u0131rakman\u0131n sorumlulu\u011funu ta\u015f\u0131yoruz&#8221; diyerek firman\u0131n \u00e7evresel duyarl\u0131l\u0131\u011f\u0131n\u0131 vurgulad\u0131.<\/p>\n<p>\u00dclkemizin orman varl\u0131\u011f\u0131n\u0131 zenginle\u015ftirmek ve do\u011fal dengeyi korumak ad\u0131na at\u0131lan ad\u0131mlar yaln\u0131zca bir \u00e7evre politikas\u0131 de\u011fil, ayn\u0131 zamanda gelecek nesillere b\u0131rak\u0131lacak ya\u015fanabilir bir d\u00fcnya i\u00e7in verilen bir s\u00f6z niteli\u011fi ta\u015f\u0131rken; bu s\u00f6z\u00fcn en g\u00fc\u00e7l\u00fc ifadesi, U\u011furlular Tekstil\u2019in Do\u011fa ve \u00c7evre Vakf\u0131\u2019na (DO\u00c7EV) yapt\u0131\u011f\u0131 2 bin fidanl\u0131k anlaml\u0131 ba\u011f\u0131\u015fla hayat bulan &#8220;\u0130kinci U\u011furlular Orman\u0131\u2019 ile somutla\u015ft\u0131. Sadece bir ba\u011f\u0131\u015f de\u011fil, gelece\u011fe at\u0131lm\u0131\u015f ye\u015fil bir imza olan bu giri\u015fim; \u015firketin \u00e7evreye olan duyarl\u0131l\u0131\u011f\u0131n\u0131n, sosyal sorumlulu\u011funun ve s\u00fcrd\u00fcr\u00fclebilirli\u011fe olan ba\u011fl\u0131l\u0131\u011f\u0131n\u0131n g\u00fc\u00e7l\u00fc bir g\u00f6stergesi olarak \u00f6ne \u00e7\u0131k\u0131yor.<\/p>\n<p>Bug\u00fcn dikilen her bir fidan, yaln\u0131zca bir a\u011fa\u00e7 de\u011fil; ayn\u0131 zamanda umut, nefes ve ya\u015fam demek. U\u011furlular Tekstil\u2019in att\u0131\u011f\u0131 bu ye\u015fil ad\u0131mlar, do\u011faya verilen zarar\u0131n telafisinde \u00f6nemli bir katk\u0131 sunarken, i\u015f d\u00fcnyas\u0131na da ilham verici bir \u00f6rnek te\u015fkil ediyor. \u015eirketin bu anlaml\u0131 katk\u0131s\u0131, yaln\u0131zca bug\u00fcn\u00fc de\u011fil, yar\u0131n\u0131n d\u00fcnyas\u0131n\u0131 da \u015fekillendirme iradesinin g\u00fc\u00e7l\u00fc bir ifadesi olarak haf\u0131zalarda yer etti.<br \/><\/p>\n","protected":false},"excerpt":{"rendered":"<p>\u0130plik \u00fcretiminde T\u00fcrkiye\u2019nin \u00f6nde gelen firmalar\u0131ndan U\u011furlular Tekstil, \u00e7evreye duyarl\u0131l\u0131\u011f\u0131 ve s\u00fcrd\u00fcr\u00fclebilirlik odakl\u0131 \u00fcretim anlay\u0131\u015f\u0131yla yaln\u0131zca tekstil sekt\u00f6r\u00fcnde de\u011fil, toplumsal sorumluluk alan\u0131nda da \u00f6rnek g\u00f6sterilen bir marka konumunda olmaya devam ediyor. Artan orman yang\u0131nlar\u0131yla birlikte do\u011fal kaynaklar\u0131n korunmas\u0131n\u0131n hayati \u00f6nem ta\u015f\u0131d\u0131\u011f\u0131 bir d\u00f6nemde, do\u011faya olan borcunu unutmayarak Do\u011fa ve \u00c7evre Vakf\u0131\u2019na (DO\u00c7EV) 2 bin fidan&#8230;<\/p>\n","protected":false},"author":1,"featured_media":62154,"comment_status":"open","ping_status":"open","sticky":false,"template":"","format":"standard","meta":{"_crdt_document":"","footnotes":""},"categories":[1],"tags":[],"class_list":["post-62153","post","type-post","status-publish","format-standard","has-post-thumbnail","hentry","category-guncel"],"_links":{"self":[{"href":"https:\/\/www.egemtv.com\/index.php?rest_route=\/wp\/v2\/posts\/62153","targetHints":{"allow":["GET"]}}],"collection":[{"href":"https:\/\/www.egemtv.com\/index.php?rest_route=\/wp\/v2\/posts"}],"about":[{"href":"https:\/\/www.egemtv.com\/index.php?rest_route=\/wp\/v2\/types\/post"}],"author":[{"embeddable":true,"href":"https:\/\/www.egemtv.com\/index.php?rest_route=\/wp\/v2\/users\/1"}],"replies":[{"embeddable":true,"href":"https:\/\/www.egemtv.com\/index.php?rest_route=%2Fwp%2Fv2%2Fcomments&post=62153"}],"version-history":[{"count":1,"href":"https:\/\/www.egemtv.com\/index.php?rest_route=\/wp\/v2\/posts\/62153\/revisions"}],"predecessor-version":[{"id":62155,"href":"https:\/\/www.egemtv.com\/index.php?rest_route=\/wp\/v2\/posts\/62153\/revisions\/62155"}],"wp:featuredmedia":[{"embeddable":true,"href":"https:\/\/www.egemtv.com\/index.php?rest_route=\/wp\/v2\/media\/62154"}],"wp:attachment":[{"href":"https:\/\/www.egemtv.com\/index.php?rest_route=%2Fwp%2Fv2%2Fmedia&parent=62153"}],"wp:term":[{"taxonomy":"category","embeddable":true,"href":"https:\/\/www.egemtv.com\/index.php?rest_route=%2Fwp%2Fv2%2Fcategories&post=62153"},{"taxonomy":"post_tag","embeddable":true,"href":"https:\/\/www.egemtv.com\/index.php?rest_route=%2Fwp%2Fv2%2Ftags&post=62153"}],"curies":[{"name":"wp","href":"https:\/\/api.w.org\/{rel}","templated":true}]}}