{"id":62147,"date":"2025-10-17T23:55:33","date_gmt":"2025-10-17T20:55:33","guid":{"rendered":"https:\/\/www.egemtv.com\/?p=62147"},"modified":"2025-10-17T23:55:34","modified_gmt":"2025-10-17T20:55:34","slug":"bodrumda-trafik-kazasi-2-yarali","status":"publish","type":"post","link":"https:\/\/www.egemtv.com\/?p=62147","title":{"rendered":"Bodrum\u2019da trafik kazas\u0131: 2 yaral\u0131"},"content":{"rendered":"<p>Mu\u011fla\u2019n\u0131n Bodrum il\u00e7esinde meydana gelen trafik kazas\u0131nda 2 ki\u015fi yaraland\u0131.<br \/>\n<br \/>Kaza, Eski\u00e7e\u015fme Mahallesi Sadi Irmak Caddesi ile 3144 Sokak\u2019\u0131n kesi\u015fti\u011fi kav\u015fakta ya\u015fand\u0131. Caddede seyreden hafif ticari ara\u00e7, 3144 Sokak\u2019tan kontrols\u00fcz \u015fekilde \u00e7\u0131kan plakas\u0131z motosikletle \u00e7arp\u0131\u015ft\u0131. \u0130hbar\u0131n ard\u0131ndan 112 Acil Sa\u011fl\u0131k ekipleri sevk edildi. Kazada yaralanan motosikletin s\u00fcr\u00fcc\u00fcs\u00fc H.T. ve yolcusu P.U. ambulansla hastaneye kald\u0131r\u0131ld\u0131. 2 yaral\u0131, hastanede tedavi alt\u0131na al\u0131nd\u0131.<br \/>\n<br \/>Kazayla ilgili soru\u015fturma ba\u015flat\u0131l\u0131rken motosiklet s\u00fcr\u00fcc\u00fcs\u00fcn\u00fcn ehliyetinin olmad\u0131\u011f\u0131 \u00f6\u011frenildi.<br \/><\/p>\n","protected":false},"excerpt":{"rendered":"<p>Mu\u011fla\u2019n\u0131n Bodrum il\u00e7esinde meydana gelen trafik kazas\u0131nda 2 ki\u015fi yaraland\u0131. Kaza, Eski\u00e7e\u015fme Mahallesi Sadi Irmak Caddesi ile 3144 Sokak\u2019\u0131n kesi\u015fti\u011fi kav\u015fakta ya\u015fand\u0131. Caddede seyreden hafif ticari ara\u00e7, 3144 Sokak\u2019tan kontrols\u00fcz \u015fekilde \u00e7\u0131kan plakas\u0131z motosikletle \u00e7arp\u0131\u015ft\u0131. \u0130hbar\u0131n ard\u0131ndan 112 Acil Sa\u011fl\u0131k ekipleri sevk edildi. Kazada yaralanan motosikletin s\u00fcr\u00fcc\u00fcs\u00fc H.T. ve yolcusu P.U. ambulansla hastaneye kald\u0131r\u0131ld\u0131. 2&#8230;<\/p>\n","protected":false},"author":1,"featured_media":62148,"comment_status":"open","ping_status":"open","sticky":false,"template":"","format":"standard","meta":{"_crdt_document":"","footnotes":""},"categories":[5],"tags":[],"class_list":["post-62147","post","type-post","status-publish","format-standard","has-post-thumbnail","hentry","category-asayis"],"_links":{"self":[{"href":"https:\/\/www.egemtv.com\/index.php?rest_route=\/wp\/v2\/posts\/62147","targetHints":{"allow":["GET"]}}],"collection":[{"href":"https:\/\/www.egemtv.com\/index.php?rest_route=\/wp\/v2\/posts"}],"about":[{"href":"https:\/\/www.egemtv.com\/index.php?rest_route=\/wp\/v2\/types\/post"}],"author":[{"embeddable":true,"href":"https:\/\/www.egemtv.com\/index.php?rest_route=\/wp\/v2\/users\/1"}],"replies":[{"embeddable":true,"href":"https:\/\/www.egemtv.com\/index.php?rest_route=%2Fwp%2Fv2%2Fcomments&post=62147"}],"version-history":[{"count":1,"href":"https:\/\/www.egemtv.com\/index.php?rest_route=\/wp\/v2\/posts\/62147\/revisions"}],"predecessor-version":[{"id":62149,"href":"https:\/\/www.egemtv.com\/index.php?rest_route=\/wp\/v2\/posts\/62147\/revisions\/62149"}],"wp:featuredmedia":[{"embeddable":true,"href":"https:\/\/www.egemtv.com\/index.php?rest_route=\/wp\/v2\/media\/62148"}],"wp:attachment":[{"href":"https:\/\/www.egemtv.com\/index.php?rest_route=%2Fwp%2Fv2%2Fmedia&parent=62147"}],"wp:term":[{"taxonomy":"category","embeddable":true,"href":"https:\/\/www.egemtv.com\/index.php?rest_route=%2Fwp%2Fv2%2Fcategories&post=62147"},{"taxonomy":"post_tag","embeddable":true,"href":"https:\/\/www.egemtv.com\/index.php?rest_route=%2Fwp%2Fv2%2Ftags&post=62147"}],"curies":[{"name":"wp","href":"https:\/\/api.w.org\/{rel}","templated":true}]}}