{"id":62144,"date":"2025-10-17T23:14:45","date_gmt":"2025-10-17T20:14:45","guid":{"rendered":"https:\/\/www.egemtv.com\/?p=62144"},"modified":"2025-10-17T23:14:46","modified_gmt":"2025-10-17T20:14:46","slug":"usakta-otomobil-ile-traktor-carpistigi-kazada-kari-koca-yaralandi","status":"publish","type":"post","link":"https:\/\/www.egemtv.com\/?p=62144","title":{"rendered":"U\u015fak\u2019ta otomobil ile trakt\u00f6r \u00e7arp\u0131\u015ft\u0131\u011f\u0131 kazada kar\u0131 koca yaraland\u0131"},"content":{"rendered":"<p>U\u015fak\u2019ta otomobil ile trakt\u00f6r\u00fcn \u00e7arp\u0131\u015fmas\u0131 sonucu kar\u0131-koca yaraland\u0131.<br \/>\n<br \/>Kaza, Ulubey-E\u015fme karayolu \u0130nay k\u00f6y\u00fc yak\u0131nlar\u0131nda meydana geldi. Edinilen bilgiye g\u00f6re, V.K. (61) idaresindeki 64 LT 928 plakal\u0131 trakt\u00f6r ile H.G. (60) y\u00f6netimindeki 35 AEF 158 plakal\u0131 otomobil \u00e7arp\u0131\u015ft\u0131. \u00c7arp\u0131\u015fman\u0131n etkisiyle otomobil s\u00fcr\u00fcc\u00fcs\u00fc H.G. ara\u00e7ta s\u0131k\u0131\u015ft\u0131.<br \/>\n<br \/>\u00c7evredeki vatanda\u015flar\u0131n ihbar\u0131 \u00fczerine olay yerine 112 Sa\u011fl\u0131k, jandarma, itfaiye ve AFAD ekipleri sevk edildi. \u0130tfaiye ve AFAD ekiplerince s\u0131k\u0131\u015ft\u0131\u011f\u0131 yerden \u00e7\u0131kar\u0131lan s\u00fcr\u00fcc\u00fc H.G. ile kazada yaralanan e\u015fi G.G. (56), 112 Sa\u011fl\u0131k ekiplerince \u00f6nce Ulubey Devlet Hastanesi\u2019ne, ard\u0131ndan U\u015fak E\u011fitim ve Ara\u015ft\u0131rma Hastanesi\u2019ne kald\u0131r\u0131ld\u0131.<br \/>\n<br \/>Kazayla ilgili inceleme ba\u015flat\u0131ld\u0131\u011f\u0131 \u00f6\u011frenildi.<br \/><\/p>\n","protected":false},"excerpt":{"rendered":"<p>U\u015fak\u2019ta otomobil ile trakt\u00f6r\u00fcn \u00e7arp\u0131\u015fmas\u0131 sonucu kar\u0131-koca yaraland\u0131. Kaza, Ulubey-E\u015fme karayolu \u0130nay k\u00f6y\u00fc yak\u0131nlar\u0131nda meydana geldi. Edinilen bilgiye g\u00f6re, V.K. (61) idaresindeki 64 LT 928 plakal\u0131 trakt\u00f6r ile H.G. (60) y\u00f6netimindeki 35 AEF 158 plakal\u0131 otomobil \u00e7arp\u0131\u015ft\u0131. \u00c7arp\u0131\u015fman\u0131n etkisiyle otomobil s\u00fcr\u00fcc\u00fcs\u00fc H.G. ara\u00e7ta s\u0131k\u0131\u015ft\u0131. \u00c7evredeki vatanda\u015flar\u0131n ihbar\u0131 \u00fczerine olay yerine 112 Sa\u011fl\u0131k, jandarma, itfaiye ve&#8230;<\/p>\n","protected":false},"author":1,"featured_media":62145,"comment_status":"open","ping_status":"open","sticky":false,"template":"","format":"standard","meta":{"_crdt_document":"","footnotes":""},"categories":[5],"tags":[],"class_list":["post-62144","post","type-post","status-publish","format-standard","has-post-thumbnail","hentry","category-asayis"],"_links":{"self":[{"href":"https:\/\/www.egemtv.com\/index.php?rest_route=\/wp\/v2\/posts\/62144","targetHints":{"allow":["GET"]}}],"collection":[{"href":"https:\/\/www.egemtv.com\/index.php?rest_route=\/wp\/v2\/posts"}],"about":[{"href":"https:\/\/www.egemtv.com\/index.php?rest_route=\/wp\/v2\/types\/post"}],"author":[{"embeddable":true,"href":"https:\/\/www.egemtv.com\/index.php?rest_route=\/wp\/v2\/users\/1"}],"replies":[{"embeddable":true,"href":"https:\/\/www.egemtv.com\/index.php?rest_route=%2Fwp%2Fv2%2Fcomments&post=62144"}],"version-history":[{"count":1,"href":"https:\/\/www.egemtv.com\/index.php?rest_route=\/wp\/v2\/posts\/62144\/revisions"}],"predecessor-version":[{"id":62146,"href":"https:\/\/www.egemtv.com\/index.php?rest_route=\/wp\/v2\/posts\/62144\/revisions\/62146"}],"wp:featuredmedia":[{"embeddable":true,"href":"https:\/\/www.egemtv.com\/index.php?rest_route=\/wp\/v2\/media\/62145"}],"wp:attachment":[{"href":"https:\/\/www.egemtv.com\/index.php?rest_route=%2Fwp%2Fv2%2Fmedia&parent=62144"}],"wp:term":[{"taxonomy":"category","embeddable":true,"href":"https:\/\/www.egemtv.com\/index.php?rest_route=%2Fwp%2Fv2%2Fcategories&post=62144"},{"taxonomy":"post_tag","embeddable":true,"href":"https:\/\/www.egemtv.com\/index.php?rest_route=%2Fwp%2Fv2%2Ftags&post=62144"}],"curies":[{"name":"wp","href":"https:\/\/api.w.org\/{rel}","templated":true}]}}