{"id":62141,"date":"2025-10-17T22:35:51","date_gmt":"2025-10-17T19:35:51","guid":{"rendered":"https:\/\/www.egemtv.com\/?p=62141"},"modified":"2025-10-17T22:35:51","modified_gmt":"2025-10-17T19:35:51","slug":"aydinda-ilginc-manzara-okul-yemekhanesine-alinmayan-ogrenciler-ogle-yemegini-sokakta-yemek-zorunda-kaliyor","status":"publish","type":"post","link":"https:\/\/www.egemtv.com\/?p=62141","title":{"rendered":"Ayd\u0131n\u2019da ilgin\u00e7 manzara: Okul yemekhanesine al\u0131nmayan \u00f6\u011frenciler \u00f6\u011fle yeme\u011fini sokakta yemek zorunda kal\u0131yor"},"content":{"rendered":"<p>Ayd\u0131n\u2019\u0131n Efeler il\u00e7esindeki bir okulun \u00f6\u011frencileri, \u00f6\u011fle aras\u0131ndaki yemeklerini okul yemekhanesinde de\u011fil sokakta, bank ve ta\u015flar\u0131n \u00fczerinde yiyorlar. \u00dccretli yemekten faydalanmayan \u00f6\u011frencilerin, yemekhaneye al\u0131nmad\u0131\u011f\u0131 ve yemek i\u00e7in s\u0131n\u0131flar\u0131 da kullanamad\u0131klar\u0131 iddia edilirken, veliler ve \u00f6\u011frenciler bu duruma bir \u00e7\u00f6z\u00fcm \u00fcretilmesini istedi.<br \/>\n<br \/>Efeler il\u00e7esinde bulunan Gazipa\u015fa Ortaokulu\u2019ndaki \u00f6\u011fle aras\u0131 dinlenme ve beslenme saatinde, \u00f6\u011frencilerin sokakta sa\u011fl\u0131ks\u0131z ve hijyen \u015fartlar\u0131na uymayan bir ortamda yemeklerini yemeleri tepki \u00e7ekti. \u0130ddiaya g\u00f6re, okul yemekhanesinde \u00e7\u0131kan \u00fccretli yemekten faydalanamayan ve s\u0131n\u0131flarda da yemek yiyemeyen \u00f6\u011frenciler, okul bah\u00e7esi ve \u00e7evresindeki sokaklarda yerlere oturarak beslenme ihtiya\u00e7lar\u0131n\u0131 gideriyorlar. Sa\u011fl\u0131ks\u0131z bir ortamda sokaktaki heykel ve duvar ba\u015flar\u0131nda yemeklerini yemek zorunda kalan \u00f6\u011frenciler ve veliler bu duruma bir \u00e7\u00f6z\u00fcm bulunmas\u0131n\u0131 istedi.<br \/>\n<br \/>Sokak ba\u015flar\u0131nda yemek yiyen \u00f6\u011frenciler de &#8220;Evden getirdi\u011fimiz yemeklerimizi yemekhanede yiyemiyoruz. S\u0131n\u0131flarda oturmaya bile izin vermiyorlar, yemekhaneye alm\u0131yorlar. Sadece oradan yemek alanlar\u0131 i\u00e7eriye al\u0131yorlar. Ya\u011fmur ya\u011fd\u0131\u011f\u0131 zaman sadece s\u0131n\u0131flara al\u0131yorlar bizi. Di\u011fer zamanlarda yemeklerimizi d\u0131\u015far\u0131da yemek zorunda kal\u0131yoruz&#8221; dediler.<br \/>\n<br \/>\u00d6\u011frenci velileri ise g\u00fcne\u015fli g\u00fcnlerde bir \u015fekilde idare ettiklerini ancak ya\u011fmurlu ve so\u011fuk g\u00fcnlerde ne olaca\u011f\u0131n\u0131 d\u00fc\u015f\u00fcnd\u00fcklerini ifade ederek herkesin okuldan yemek alabilecek maddi durumunun olmad\u0131\u011f\u0131n\u0131 ve bir \u00e7\u00f6z\u00fcm bulunmas\u0131n\u0131 istedi. Ayr\u0131ca \u00f6\u011fle aras\u0131 d\u0131\u015far\u0131da yemek zorunda kalan \u00e7ocuklar\u0131n, g\u00fcvenlik a\u00e7\u0131s\u0131ndan da sorun olu\u015fturdu\u011funa dikkat \u00e7eken veliler, evden yemeklerini getiren \u00f6\u011frencilerin yemeklerini yemekhanede veya s\u0131n\u0131flarda yiyebilmesi gerekti\u011fini belirtti.<br \/><\/p>\n","protected":false},"excerpt":{"rendered":"<p>Ayd\u0131n\u2019\u0131n Efeler il\u00e7esindeki bir okulun \u00f6\u011frencileri, \u00f6\u011fle aras\u0131ndaki yemeklerini okul yemekhanesinde de\u011fil sokakta, bank ve ta\u015flar\u0131n \u00fczerinde yiyorlar. \u00dccretli yemekten faydalanmayan \u00f6\u011frencilerin, yemekhaneye al\u0131nmad\u0131\u011f\u0131 ve yemek i\u00e7in s\u0131n\u0131flar\u0131 da kullanamad\u0131klar\u0131 iddia edilirken, veliler ve \u00f6\u011frenciler bu duruma bir \u00e7\u00f6z\u00fcm \u00fcretilmesini istedi. Efeler il\u00e7esinde bulunan Gazipa\u015fa Ortaokulu\u2019ndaki \u00f6\u011fle aras\u0131 dinlenme ve beslenme saatinde, \u00f6\u011frencilerin sokakta sa\u011fl\u0131ks\u0131z&#8230;<\/p>\n","protected":false},"author":1,"featured_media":62142,"comment_status":"open","ping_status":"open","sticky":false,"template":"","format":"standard","meta":{"_crdt_document":"","footnotes":""},"categories":[1],"tags":[],"class_list":["post-62141","post","type-post","status-publish","format-standard","has-post-thumbnail","hentry","category-guncel"],"_links":{"self":[{"href":"https:\/\/www.egemtv.com\/index.php?rest_route=\/wp\/v2\/posts\/62141","targetHints":{"allow":["GET"]}}],"collection":[{"href":"https:\/\/www.egemtv.com\/index.php?rest_route=\/wp\/v2\/posts"}],"about":[{"href":"https:\/\/www.egemtv.com\/index.php?rest_route=\/wp\/v2\/types\/post"}],"author":[{"embeddable":true,"href":"https:\/\/www.egemtv.com\/index.php?rest_route=\/wp\/v2\/users\/1"}],"replies":[{"embeddable":true,"href":"https:\/\/www.egemtv.com\/index.php?rest_route=%2Fwp%2Fv2%2Fcomments&post=62141"}],"version-history":[{"count":1,"href":"https:\/\/www.egemtv.com\/index.php?rest_route=\/wp\/v2\/posts\/62141\/revisions"}],"predecessor-version":[{"id":62143,"href":"https:\/\/www.egemtv.com\/index.php?rest_route=\/wp\/v2\/posts\/62141\/revisions\/62143"}],"wp:featuredmedia":[{"embeddable":true,"href":"https:\/\/www.egemtv.com\/index.php?rest_route=\/wp\/v2\/media\/62142"}],"wp:attachment":[{"href":"https:\/\/www.egemtv.com\/index.php?rest_route=%2Fwp%2Fv2%2Fmedia&parent=62141"}],"wp:term":[{"taxonomy":"category","embeddable":true,"href":"https:\/\/www.egemtv.com\/index.php?rest_route=%2Fwp%2Fv2%2Fcategories&post=62141"},{"taxonomy":"post_tag","embeddable":true,"href":"https:\/\/www.egemtv.com\/index.php?rest_route=%2Fwp%2Fv2%2Ftags&post=62141"}],"curies":[{"name":"wp","href":"https:\/\/api.w.org\/{rel}","templated":true}]}}