{"id":62138,"date":"2025-10-17T22:35:50","date_gmt":"2025-10-17T19:35:50","guid":{"rendered":"https:\/\/www.egemtv.com\/?p=62138"},"modified":"2025-10-17T22:35:50","modified_gmt":"2025-10-17T19:35:50","slug":"kutahya-tavsanli-karayolunda-feci-kaza-1-olu-2-yarali","status":"publish","type":"post","link":"https:\/\/www.egemtv.com\/?p=62138","title":{"rendered":"K\u00fctahya-Tav\u015fanl\u0131 karayolunda feci kaza: 1 \u00f6l\u00fc, 2 yaral\u0131"},"content":{"rendered":"<p>K\u00fctahya\u2019da otomobil ile kamyonun \u00e7arp\u0131\u015fmas\u0131 sonucu meydana gelen trafik kazas\u0131nda 1 ki\u015fi hayat\u0131n\u0131 kaybetti, 2 ki\u015fi yaraland\u0131.<br \/>\n<br \/>Kaza, K\u00fctahya-Tav\u015fanl\u0131 karayolunun 27. kilometresindeki K\u00f6pr\u00fc\u00f6ren Kav\u015fa\u011f\u0131\u2019nda meydana geldi. Edinilen bilgiye g\u00f6re, Tav\u015fanl\u0131\u2019dan K\u00fctahya istikametine gitmekte olan Bezmi Bar\u0131\u015f \u00c7akmak idaresindeki 06 ENK 936 plakal\u0131 otomobil, K\u00f6pr\u00fc\u00f6ren istikametinden gelerek Tav\u015fanl\u0131 y\u00f6n\u00fcne d\u00f6nmek i\u00e7in kav\u015fakta bekleyen 43 UC 658 plakal\u0131 kamyonete \u00e7arpt\u0131. Kazada, otomobil s\u00fcr\u00fcc\u00fcs\u00fc Bezmi Bar\u0131\u015f \u00c7akmak, olay yerinde hayat\u0131n\u0131 kaybetti. Kazada yaralanan 2 ki\u015fi ise, ambulanslarla K\u00fctahya \u015eehir Hastanesine kald\u0131r\u0131larak tedavi alt\u0131na al\u0131nd\u0131.<br \/>\n<br \/>Kazada hayat\u0131n\u0131 kaybeden \u00c7akmak\u2019\u0131n, S\u0131nd\u0131rg\u0131 Alt\u0131n-G\u00fcm\u00fc\u015f Madeni \u0130\u015fletmesi\u2019nde m\u00fcd\u00fcr\u00fc olarak g\u00f6rev yapt\u0131\u011f\u0131 \u00f6\u011frenildi. \u00c7akmak\u2019\u0131n cans\u0131z bedeni, Cumhuriyet savc\u0131s\u0131n\u0131n incelemesinin ard\u0131ndan hastane morguna kald\u0131r\u0131ld\u0131.<br \/><\/p>\n","protected":false},"excerpt":{"rendered":"<p>K\u00fctahya\u2019da otomobil ile kamyonun \u00e7arp\u0131\u015fmas\u0131 sonucu meydana gelen trafik kazas\u0131nda 1 ki\u015fi hayat\u0131n\u0131 kaybetti, 2 ki\u015fi yaraland\u0131. Kaza, K\u00fctahya-Tav\u015fanl\u0131 karayolunun 27. kilometresindeki K\u00f6pr\u00fc\u00f6ren Kav\u015fa\u011f\u0131\u2019nda meydana geldi. Edinilen bilgiye g\u00f6re, Tav\u015fanl\u0131\u2019dan K\u00fctahya istikametine gitmekte olan Bezmi Bar\u0131\u015f \u00c7akmak idaresindeki 06 ENK 936 plakal\u0131 otomobil, K\u00f6pr\u00fc\u00f6ren istikametinden gelerek Tav\u015fanl\u0131 y\u00f6n\u00fcne d\u00f6nmek i\u00e7in kav\u015fakta bekleyen 43 UC 658&#8230;<\/p>\n","protected":false},"author":1,"featured_media":62139,"comment_status":"open","ping_status":"open","sticky":false,"template":"","format":"standard","meta":{"_crdt_document":"","footnotes":""},"categories":[5],"tags":[],"class_list":["post-62138","post","type-post","status-publish","format-standard","has-post-thumbnail","hentry","category-asayis"],"_links":{"self":[{"href":"https:\/\/www.egemtv.com\/index.php?rest_route=\/wp\/v2\/posts\/62138","targetHints":{"allow":["GET"]}}],"collection":[{"href":"https:\/\/www.egemtv.com\/index.php?rest_route=\/wp\/v2\/posts"}],"about":[{"href":"https:\/\/www.egemtv.com\/index.php?rest_route=\/wp\/v2\/types\/post"}],"author":[{"embeddable":true,"href":"https:\/\/www.egemtv.com\/index.php?rest_route=\/wp\/v2\/users\/1"}],"replies":[{"embeddable":true,"href":"https:\/\/www.egemtv.com\/index.php?rest_route=%2Fwp%2Fv2%2Fcomments&post=62138"}],"version-history":[{"count":1,"href":"https:\/\/www.egemtv.com\/index.php?rest_route=\/wp\/v2\/posts\/62138\/revisions"}],"predecessor-version":[{"id":62140,"href":"https:\/\/www.egemtv.com\/index.php?rest_route=\/wp\/v2\/posts\/62138\/revisions\/62140"}],"wp:featuredmedia":[{"embeddable":true,"href":"https:\/\/www.egemtv.com\/index.php?rest_route=\/wp\/v2\/media\/62139"}],"wp:attachment":[{"href":"https:\/\/www.egemtv.com\/index.php?rest_route=%2Fwp%2Fv2%2Fmedia&parent=62138"}],"wp:term":[{"taxonomy":"category","embeddable":true,"href":"https:\/\/www.egemtv.com\/index.php?rest_route=%2Fwp%2Fv2%2Fcategories&post=62138"},{"taxonomy":"post_tag","embeddable":true,"href":"https:\/\/www.egemtv.com\/index.php?rest_route=%2Fwp%2Fv2%2Ftags&post=62138"}],"curies":[{"name":"wp","href":"https:\/\/api.w.org\/{rel}","templated":true}]}}