{"id":62135,"date":"2025-10-17T22:15:14","date_gmt":"2025-10-17T19:15:14","guid":{"rendered":"https:\/\/www.egemtv.com\/?p=62135"},"modified":"2025-10-17T22:15:15","modified_gmt":"2025-10-17T19:15:15","slug":"nar-yuklu-tir-sarampole-yuvarlandi","status":"publish","type":"post","link":"https:\/\/www.egemtv.com\/?p=62135","title":{"rendered":"Nar y\u00fckl\u00fc TIR \u015farampole yuvarland\u0131"},"content":{"rendered":"<p>Mu\u011fla\u2019n\u0131n Mente\u015fe il\u00e7esi K\u00f6tekli kav\u015fa\u011f\u0131nda freni tutmayan nar y\u00fckl\u00fc TIR, yap\u0131m\u0131 devam eden in\u015faat alan\u0131na girdi. Kazada s\u00fcr\u00fcc\u00fc yaraland\u0131.<br \/>\n<br \/>Edinilen bilgiye g\u00f6re, \u015e.E y\u00f6netimindeki 10 AGS 042 plakal\u0131 TIR, Devrant rampas\u0131ndan \u015fehir merkezi istikametine seyir halinde iken, freni tutmamas\u0131 nedeniyle direksiyon h\u00e2kimiyetini kaybederek yap\u0131m\u0131 s\u00fcren in\u015faat alan\u0131na yuvarland\u0131. Kazay\u0131 g\u00f6ren vatanda\u015flar\u0131n ihbar\u0131 \u00fczerine olay yerine sa\u011fl\u0131k, polis ekipleri sevk edildi.<br \/>\n<br \/>Kazada yaralanan s\u00fcr\u00fcc\u00fc, sa\u011fl\u0131k ekiplerinin ilk m\u00fcdahalesinin ard\u0131ndan Mu\u011fla E\u011fitim ve Ara\u015ft\u0131rma Hastanesi\u2019ne kald\u0131r\u0131ld\u0131. Olayla ilgili soru\u015fturma ba\u015flat\u0131ld\u0131.<br \/><\/p>\n","protected":false},"excerpt":{"rendered":"<p>Mu\u011fla\u2019n\u0131n Mente\u015fe il\u00e7esi K\u00f6tekli kav\u015fa\u011f\u0131nda freni tutmayan nar y\u00fckl\u00fc TIR, yap\u0131m\u0131 devam eden in\u015faat alan\u0131na girdi. Kazada s\u00fcr\u00fcc\u00fc yaraland\u0131. Edinilen bilgiye g\u00f6re, \u015e.E y\u00f6netimindeki 10 AGS 042 plakal\u0131 TIR, Devrant rampas\u0131ndan \u015fehir merkezi istikametine seyir halinde iken, freni tutmamas\u0131 nedeniyle direksiyon h\u00e2kimiyetini kaybederek yap\u0131m\u0131 s\u00fcren in\u015faat alan\u0131na yuvarland\u0131. Kazay\u0131 g\u00f6ren vatanda\u015flar\u0131n ihbar\u0131 \u00fczerine olay yerine&#8230;<\/p>\n","protected":false},"author":1,"featured_media":62136,"comment_status":"open","ping_status":"open","sticky":false,"template":"","format":"standard","meta":{"_crdt_document":"","footnotes":""},"categories":[5],"tags":[],"class_list":["post-62135","post","type-post","status-publish","format-standard","has-post-thumbnail","hentry","category-asayis"],"_links":{"self":[{"href":"https:\/\/www.egemtv.com\/index.php?rest_route=\/wp\/v2\/posts\/62135","targetHints":{"allow":["GET"]}}],"collection":[{"href":"https:\/\/www.egemtv.com\/index.php?rest_route=\/wp\/v2\/posts"}],"about":[{"href":"https:\/\/www.egemtv.com\/index.php?rest_route=\/wp\/v2\/types\/post"}],"author":[{"embeddable":true,"href":"https:\/\/www.egemtv.com\/index.php?rest_route=\/wp\/v2\/users\/1"}],"replies":[{"embeddable":true,"href":"https:\/\/www.egemtv.com\/index.php?rest_route=%2Fwp%2Fv2%2Fcomments&post=62135"}],"version-history":[{"count":1,"href":"https:\/\/www.egemtv.com\/index.php?rest_route=\/wp\/v2\/posts\/62135\/revisions"}],"predecessor-version":[{"id":62137,"href":"https:\/\/www.egemtv.com\/index.php?rest_route=\/wp\/v2\/posts\/62135\/revisions\/62137"}],"wp:featuredmedia":[{"embeddable":true,"href":"https:\/\/www.egemtv.com\/index.php?rest_route=\/wp\/v2\/media\/62136"}],"wp:attachment":[{"href":"https:\/\/www.egemtv.com\/index.php?rest_route=%2Fwp%2Fv2%2Fmedia&parent=62135"}],"wp:term":[{"taxonomy":"category","embeddable":true,"href":"https:\/\/www.egemtv.com\/index.php?rest_route=%2Fwp%2Fv2%2Fcategories&post=62135"},{"taxonomy":"post_tag","embeddable":true,"href":"https:\/\/www.egemtv.com\/index.php?rest_route=%2Fwp%2Fv2%2Ftags&post=62135"}],"curies":[{"name":"wp","href":"https:\/\/api.w.org\/{rel}","templated":true}]}}