{"id":61916,"date":"2025-10-17T00:14:38","date_gmt":"2025-10-16T21:14:38","guid":{"rendered":"https:\/\/www.egemtv.com\/?p=61916"},"modified":"2025-10-17T00:14:40","modified_gmt":"2025-10-16T21:14:40","slug":"prof-dr-huseyin-seyhanlioglu-gazzeyi-ruhumuzla-canimizla-korumamiz-lazim","status":"publish","type":"post","link":"https:\/\/www.egemtv.com\/?p=61916","title":{"rendered":"Prof. Dr. H\u00fcseyin \u015eeyhanl\u0131o\u011flu: &#8220;Gazze\u2019yi ruhumuzla can\u0131m\u0131zla korumam\u0131z laz\u0131m&#8221;"},"content":{"rendered":"<p>K\u00fctahya Dumlup\u0131nar \u00dcniversitesi (DP\u00dc) Uygulama ve Ara\u015ft\u0131rma Merkezleri Koordinat\u00f6r\u00fc ve siyaset bilimi uzman\u0131 Prof. Dr. H\u00fcseyin \u015eeyhanl\u0131o\u011flu, Gazze\u2019nin uluslararas\u0131 jeopolitik dengeler a\u00e7\u0131s\u0131ndan hayati bir \u00f6neme sahip oldu\u011funu s\u00f6yledi.<br \/>\n<br \/>K\u00fctahya Kadim Vakf\u0131 taraf\u0131ndan her hafta per\u015fembe g\u00fcn\u00fc d\u00fczenlenen &#8220;Kadim Muhabbetler&#8221; program\u0131n\u0131n bu sezonki ilk konu\u011fu, Siyaset Bilimi Uzman\u0131 Prof. Dr. H\u00fcseyin \u015eeyhanl\u0131o\u011flu oldu. K\u00fctahya Kadim Vakf\u0131 Ba\u015fkan\u0131 Mustafa \u00d6nsay, a\u00e7\u0131l\u0131\u015f konu\u015fmas\u0131nda program\u0131n bu d\u00f6nemdeki ilk oturumunda Prof. Dr. H\u00fcseyin \u015eeyhanl\u0131o\u011flu ile Gazze meselesinin &#8220;Filistin, M\u00fcsl\u00fcman olmayan toplumlar ve T\u00fcrkiye&#8221; a\u00e7\u0131s\u0131ndan etkilerini \u00fc\u00e7 ba\u015fl\u0131k alt\u0131nda tart\u0131\u015ft\u0131klar\u0131n\u0131 s\u00f6yledi. \u00d6nsay, kat\u0131l\u0131mc\u0131lar\u0131n sorular\u0131yla zenginle\u015fen etkinlikte gelecek projeksiyonlar\u0131n\u0131n da masaya yat\u0131r\u0131ld\u0131\u011f\u0131n\u0131 ifade etti.<br \/>\n<br \/>Programda konu\u015fan Prof. Dr. H\u00fcseyin \u015eeyhanl\u0131o\u011flu, Gazze\u2019nin uluslararas\u0131 jeopolitik dengeler a\u00e7\u0131s\u0131ndan hayati bir \u00f6neme sahip oldu\u011funu belirterek, baz\u0131 k\u00fcresel ve b\u00f6lgesel akt\u00f6rlerin b\u00f6lgede &#8220;b\u00fcy\u00fck siyasi hedefler&#8221; pe\u015finde oldu\u011funu \u00f6ne s\u00fcrd\u00fc. \u015eeyhanl\u0131o\u011flu, Gazze\u2019nin sadece Filistin sorunu \u00e7er\u00e7evesinde de\u011fil, Do\u011fu Akdeniz\u2019deki enerji ve jeopolitik dengeler ba\u011flam\u0131nda da kritik bir nokta oldu\u011funu vurgulad\u0131.<br \/>\n<br \/>Konu\u015fmas\u0131nda tarihi ve stratejik ba\u011flant\u0131lara de\u011finen \u015eeyhanl\u0131o\u011flu, Gazze\u2019nin d\u00fc\u015fmesinin b\u00f6lgedeki dengeleri ve kentlerin (\u00f6rnek olarak Kud\u00fcs, Halep) durumunu etkileyece\u011fini savundu. T\u00fcrkiye ve Gazze aras\u0131ndaki ba\u011fa dikkat \u00e7eken akademisyen, Gazze\u2019nin &#8220;direni\u015f&#8221; sembol\u00fc oldu\u011funu ve korunmas\u0131 gerekti\u011fini dile getirdi; dini ve insani duygular \u00fczerinden dua ve destek \u00e7a\u011fr\u0131s\u0131nda bulundu.<br \/>\n<br \/>\u015eeyhanl\u0131o\u011flu, Araplar bir ruh, bir dem derler. \u00c7\u00fcnk\u00fc Gazze, sadece Gazze\u2019lilerin de\u011fildir. Gazze, \u0130slam d\u00fcnyas\u0131n\u0131n \u00c7anakkale\u2019sidir&#8221; diye konu\u015ftu.<br \/>\n<br \/>Program, konu\u015fmalar\u0131n ard\u0131ndan kat\u0131l\u0131mc\u0131lar\u0131n sorular\u0131yla devam etti. Oturumda hem b\u00f6lgesel geli\u015fmelerin tarihi k\u00f6kenleri hem de ihtimal gelecek senaryolar\u0131 tart\u0131\u015f\u0131ld\u0131. Etkinli\u011fin, \u00f6n\u00fcm\u00fczdeki haftalarda da benzer formatta s\u00fcrd\u00fcr\u00fclece\u011fi belirtildi.<br \/><\/p>\n","protected":false},"excerpt":{"rendered":"<p>K\u00fctahya Dumlup\u0131nar \u00dcniversitesi (DP\u00dc) Uygulama ve Ara\u015ft\u0131rma Merkezleri Koordinat\u00f6r\u00fc ve siyaset bilimi uzman\u0131 Prof. Dr. H\u00fcseyin \u015eeyhanl\u0131o\u011flu, Gazze\u2019nin uluslararas\u0131 jeopolitik dengeler a\u00e7\u0131s\u0131ndan hayati bir \u00f6neme sahip oldu\u011funu s\u00f6yledi. K\u00fctahya Kadim Vakf\u0131 taraf\u0131ndan her hafta per\u015fembe g\u00fcn\u00fc d\u00fczenlenen &#8220;Kadim Muhabbetler&#8221; program\u0131n\u0131n bu sezonki ilk konu\u011fu, Siyaset Bilimi Uzman\u0131 Prof. Dr. H\u00fcseyin \u015eeyhanl\u0131o\u011flu oldu. K\u00fctahya Kadim Vakf\u0131&#8230;<\/p>\n","protected":false},"author":1,"featured_media":61917,"comment_status":"open","ping_status":"open","sticky":false,"template":"","format":"standard","meta":{"_crdt_document":"","footnotes":""},"categories":[123],"tags":[],"class_list":["post-61916","post","type-post","status-publish","format-standard","has-post-thumbnail","hentry","category-gundem"],"_links":{"self":[{"href":"https:\/\/www.egemtv.com\/index.php?rest_route=\/wp\/v2\/posts\/61916","targetHints":{"allow":["GET"]}}],"collection":[{"href":"https:\/\/www.egemtv.com\/index.php?rest_route=\/wp\/v2\/posts"}],"about":[{"href":"https:\/\/www.egemtv.com\/index.php?rest_route=\/wp\/v2\/types\/post"}],"author":[{"embeddable":true,"href":"https:\/\/www.egemtv.com\/index.php?rest_route=\/wp\/v2\/users\/1"}],"replies":[{"embeddable":true,"href":"https:\/\/www.egemtv.com\/index.php?rest_route=%2Fwp%2Fv2%2Fcomments&post=61916"}],"version-history":[{"count":1,"href":"https:\/\/www.egemtv.com\/index.php?rest_route=\/wp\/v2\/posts\/61916\/revisions"}],"predecessor-version":[{"id":61918,"href":"https:\/\/www.egemtv.com\/index.php?rest_route=\/wp\/v2\/posts\/61916\/revisions\/61918"}],"wp:featuredmedia":[{"embeddable":true,"href":"https:\/\/www.egemtv.com\/index.php?rest_route=\/wp\/v2\/media\/61917"}],"wp:attachment":[{"href":"https:\/\/www.egemtv.com\/index.php?rest_route=%2Fwp%2Fv2%2Fmedia&parent=61916"}],"wp:term":[{"taxonomy":"category","embeddable":true,"href":"https:\/\/www.egemtv.com\/index.php?rest_route=%2Fwp%2Fv2%2Fcategories&post=61916"},{"taxonomy":"post_tag","embeddable":true,"href":"https:\/\/www.egemtv.com\/index.php?rest_route=%2Fwp%2Fv2%2Ftags&post=61916"}],"curies":[{"name":"wp","href":"https:\/\/api.w.org\/{rel}","templated":true}]}}