{"id":61913,"date":"2025-10-16T20:54:40","date_gmt":"2025-10-16T17:54:40","guid":{"rendered":"https:\/\/www.egemtv.com\/?p=61913"},"modified":"2025-10-16T20:54:41","modified_gmt":"2025-10-16T17:54:41","slug":"ticari-yatta-rahatsizlanan-vatandasa-sahil-guvenlikten-tibbi-tahliye","status":"publish","type":"post","link":"https:\/\/www.egemtv.com\/?p=61913","title":{"rendered":"Ticari yatta rahats\u0131zlanan vatanda\u015fa Sahil G\u00fcvenlik\u2019ten t\u0131bbi tahliye"},"content":{"rendered":"<p>Mu\u011fla\u2019n\u0131n Bodrum il\u00e7esi a\u00e7\u0131klar\u0131nda seyreden ticari yatta rahats\u0131zlanan vatanda\u015fa t\u0131bbi tahliye ger\u00e7ekle\u015ftirildi.<br \/>\n<br \/>Bodrum il\u00e7esi a\u00e7\u0131klar\u0131nda seyreden ticari yatta rahats\u0131zlanan vatanda\u015f i\u00e7in yard\u0131m \u00e7a\u011fr\u0131s\u0131 yap\u0131ld\u0131. Yap\u0131lan yard\u0131m \u00e7a\u011fr\u0131s\u0131 \u00fczerine y\u00f6nlendirilen Sahil G\u00fcvenlik ekipleri yaralanan \u00e7ocu\u011fu bota alarak 112 ambulans ekiplerine teslim etti.<br \/><\/p>\n","protected":false},"excerpt":{"rendered":"<p>Mu\u011fla\u2019n\u0131n Bodrum il\u00e7esi a\u00e7\u0131klar\u0131nda seyreden ticari yatta rahats\u0131zlanan vatanda\u015fa t\u0131bbi tahliye ger\u00e7ekle\u015ftirildi. Bodrum il\u00e7esi a\u00e7\u0131klar\u0131nda seyreden ticari yatta rahats\u0131zlanan vatanda\u015f i\u00e7in yard\u0131m \u00e7a\u011fr\u0131s\u0131 yap\u0131ld\u0131. Yap\u0131lan yard\u0131m \u00e7a\u011fr\u0131s\u0131 \u00fczerine y\u00f6nlendirilen Sahil G\u00fcvenlik ekipleri yaralanan \u00e7ocu\u011fu bota alarak 112 ambulans ekiplerine teslim etti.<\/p>\n","protected":false},"author":1,"featured_media":61914,"comment_status":"open","ping_status":"open","sticky":false,"template":"","format":"standard","meta":{"_crdt_document":"","footnotes":""},"categories":[2],"tags":[],"class_list":["post-61913","post","type-post","status-publish","format-standard","has-post-thumbnail","hentry","category-saglik"],"_links":{"self":[{"href":"https:\/\/www.egemtv.com\/index.php?rest_route=\/wp\/v2\/posts\/61913","targetHints":{"allow":["GET"]}}],"collection":[{"href":"https:\/\/www.egemtv.com\/index.php?rest_route=\/wp\/v2\/posts"}],"about":[{"href":"https:\/\/www.egemtv.com\/index.php?rest_route=\/wp\/v2\/types\/post"}],"author":[{"embeddable":true,"href":"https:\/\/www.egemtv.com\/index.php?rest_route=\/wp\/v2\/users\/1"}],"replies":[{"embeddable":true,"href":"https:\/\/www.egemtv.com\/index.php?rest_route=%2Fwp%2Fv2%2Fcomments&post=61913"}],"version-history":[{"count":1,"href":"https:\/\/www.egemtv.com\/index.php?rest_route=\/wp\/v2\/posts\/61913\/revisions"}],"predecessor-version":[{"id":61915,"href":"https:\/\/www.egemtv.com\/index.php?rest_route=\/wp\/v2\/posts\/61913\/revisions\/61915"}],"wp:featuredmedia":[{"embeddable":true,"href":"https:\/\/www.egemtv.com\/index.php?rest_route=\/wp\/v2\/media\/61914"}],"wp:attachment":[{"href":"https:\/\/www.egemtv.com\/index.php?rest_route=%2Fwp%2Fv2%2Fmedia&parent=61913"}],"wp:term":[{"taxonomy":"category","embeddable":true,"href":"https:\/\/www.egemtv.com\/index.php?rest_route=%2Fwp%2Fv2%2Fcategories&post=61913"},{"taxonomy":"post_tag","embeddable":true,"href":"https:\/\/www.egemtv.com\/index.php?rest_route=%2Fwp%2Fv2%2Ftags&post=61913"}],"curies":[{"name":"wp","href":"https:\/\/api.w.org\/{rel}","templated":true}]}}